{"id":169769,"date":"2020-05-15T20:29:40","date_gmt":"2020-05-15T23:29:40","guid":{"rendered":"https:\/\/www.caririemacao.com\/1\/?p=169769"},"modified":"2020-05-15T20:33:20","modified_gmt":"2020-05-15T23:33:20","slug":"enteado-esfaqueia-padastro-em-monteiro","status":"publish","type":"post","link":"https:\/\/www.caririemacao.com\/1\/2020\/05\/15\/enteado-esfaqueia-padastro-em-monteiro\/","title":{"rendered":"Enteado esfaqueia padastro em Monteiro"},"content":{"rendered":"\n<p>No final da noite desta sexta-feira, dia 15, a pol\u00edcia militar foi acionada para apurar uma ocorr\u00eancia na zona rural de Monteiro.<\/p>\n\n\n\n<p>Trata-se de uma tentativa de homic\u00eddio ocorrida no S\u00edtio Santa Catarina sendo atingido o homem conhecido com Pontaria.<\/p>\n\n\n\n<p>O seu enteado, filho de Adejar, \u00e9 o acusado de esfaquear Pontaria. A pol\u00edcia est\u00e1 apurando o caso. <\/p>\n\n\n\n<p>O estado de sa\u00fade pontaria \u00e9 grave e exige cuidado. Ele ser\u00e1 transferido para o Hospital de Trauma de Campina Grande.<\/p>\n","protected":false},"excerpt":{"rendered":"<p>No final da noite desta sexta-feira, dia 15, a pol\u00edcia militar foi acionada para apurar uma ocorr\u00eancia na zona rural de Monteiro. Trata-se de uma&hellip; <\/p>\n","protected":false},"author":2,"featured_media":89112,"comment_status":"closed","ping_status":"closed","sticky":false,"template":"","format":"standard","meta":{"sfsi_plus_gutenberg_text_before_share":"","sfsi_plus_gutenberg_show_text_before_share":"","sfsi_plus_gutenberg_icon_type":"","sfsi_plus_gutenberg_icon_alignemt":"","sfsi_plus_gutenburg_max_per_row":"","footnotes":""},"categories":[50,12],"tags":[],"class_list":["post-169769","post","type-post","status-publish","format-standard","has-post-thumbnail","hentry","category-destaque","category-policia"],"_links":{"self":[{"href":"https:\/\/www.caririemacao.com\/1\/wp-json\/wp\/v2\/posts\/169769","targetHints":{"allow":["GET"]}}],"collection":[{"href":"https:\/\/www.caririemacao.com\/1\/wp-json\/wp\/v2\/posts"}],"about":[{"href":"https:\/\/www.caririemacao.com\/1\/wp-json\/wp\/v2\/types\/post"}],"author":[{"embeddable":true,"href":"https:\/\/www.caririemacao.com\/1\/wp-json\/wp\/v2\/users\/2"}],"replies":[{"embeddable":true,"href":"https:\/\/www.caririemacao.com\/1\/wp-json\/wp\/v2\/comments?post=169769"}],"version-history":[{"count":3,"href":"https:\/\/www.caririemacao.com\/1\/wp-json\/wp\/v2\/posts\/169769\/revisions"}],"predecessor-version":[{"id":169773,"href":"https:\/\/www.caririemacao.com\/1\/wp-json\/wp\/v2\/posts\/169769\/revisions\/169773"}],"wp:featuredmedia":[{"embeddable":true,"href":"https:\/\/www.caririemacao.com\/1\/wp-json\/wp\/v2\/media\/89112"}],"wp:attachment":[{"href":"https:\/\/www.caririemacao.com\/1\/wp-json\/wp\/v2\/media?parent=169769"}],"wp:term":[{"taxonomy":"category","embeddable":true,"href":"https:\/\/www.caririemacao.com\/1\/wp-json\/wp\/v2\/categories?post=169769"},{"taxonomy":"post_tag","embeddable":true,"href":"https:\/\/www.caririemacao.com\/1\/wp-json\/wp\/v2\/tags?post=169769"}],"curies":[{"name":"wp","href":"https:\/\/api.w.org\/{rel}","templated":true}]}}