{"id":169775,"date":"2020-05-16T02:16:35","date_gmt":"2020-05-16T05:16:35","guid":{"rendered":"https:\/\/www.caririemacao.com\/1\/?p=169775"},"modified":"2020-05-16T02:17:50","modified_gmt":"2020-05-16T05:17:50","slug":"5a-regiao-de-saude-confirma-mais-07-casos-totalizando-31-casos-na-regiao","status":"publish","type":"post","link":"https:\/\/www.caririemacao.com\/1\/2020\/05\/16\/5a-regiao-de-saude-confirma-mais-07-casos-totalizando-31-casos-na-regiao\/","title":{"rendered":"5\u00aa Regi\u00e3o de Sa\u00fade confirma mais 07 casos, totalizando 31 casos na regi\u00e3o"},"content":{"rendered":"\n<p>A Regi\u00e3o do Cariri confirmou nesta sexta-feira, dia 15 de maio de 2020, mais 07 casos de Covid-19 em munic\u00edpios que comp\u00f5em a 5\u00aa regi\u00e3o de sa\u00fade, sendo 02 novos casos em Monteiro e 05 casos positivos em Amparo, totalizando 31 casos confirmados.<\/p>\n\n\n\n<p>De acordo com os dados apresentados pela gerente de sa\u00fade da regi\u00e3o, Ravena Farias, dos 31 casos, 02 casos est\u00e3o em Serra Branca, 03 casos em Coxixola, 10 casos no Congo, 11 casos em Monteiro e 05 casos em Amparo.<\/p>\n\n\n\n<p>Veja abaixo como est\u00e3o distribu\u00eddos os casos na regi\u00e3o. Vale destacar que os n\u00famero s\u00e3o dos munic\u00edpios que comp\u00f5em a 5\u00aa Regi\u00e3o de Sa\u00fade.<\/p>\n\n\n\n<p>Casos na regi\u00e3o:<\/p>\n\n\n\n<p><strong><u>Serra Branca: 02 casos;<\/u><\/strong><\/p>\n\n\n\n<ul class=\"wp-block-list\"><li>01 paciente do sexo masculino, 55 anos de idade. Paciente curado.<\/li><li>01 paciente do sexo masculino, 74 anos de idade. Paciente curado.<\/li><\/ul>\n\n\n\n<p><strong><u>Coxixola: 03 casos;<\/u><\/strong><\/p>\n\n\n\n<ul class=\"wp-block-list\"><li>01 paciente do sexo masculino, 90 anos de idade. Paciente curado.<\/li><li>01 paciente do sexo masculino, 42 anos de idade. Paciente curado.<\/li><li>01 paciente do sexo masculino, 48 anos de idade. Paciente em isolamento domiciliar.<\/li><\/ul>\n\n\n\n<p><strong><u>Congo: 10 casos;<\/u><\/strong><\/p>\n\n\n\n<ul class=\"wp-block-list\"><li>01 paciente do sexo masculino, 48 anos de idade. Paciente curado.<\/li><li>01 paciente do sexo feminino, 84 anos de idade que evoluiu para \u00f3bito;<\/li><li>01 paciente do sexo masculino, 49 anos de idade. Paciente em isolamento domiciliar.<\/li><li>01 paciente do sexo masculino, 31 anos de idade. Paciente em isolamento domiciliar.<\/li><li>01 paciente do sexo masculino, 20 anos de idade. Paciente em isolamento domiciliar.<\/li><li>01 paciente do sexo masculino, 13 anos de idade. Paciente em isolamento domiciliar.<\/li><li>01 paciente do sexo feminino, 43 anos de idade. Paciente em isolamento domiciliar.<\/li><li>01 paciente do sexo feminino, 52 anos de idade. Paciente em isolamento domiciliar.<\/li><li>01 paciente do sexo feminino, 60 anos de idade. Paciente em isolamento domiciliar.<\/li><li>01 paciente do sexo feminino, 33 anos de idade. Paciente em isolamento domiciliar.<\/li><\/ul>\n\n\n\n<p><strong><u>Monteiro: 11 casos<\/u><\/strong><strong>;<\/strong><\/p>\n\n\n\n<ul class=\"wp-block-list\"><li>paciente do sexo masculino, 61 anos de idade. Paciente em isolamento domiciliar.<\/li><li>paciente do sexo masculino, 55 anos de idade. Paciente em isolamento domiciliar.<\/li><li>paciente do sexo masculino, 55 anos de idade. Paciente em isolamento domiciliar.<\/li><li>01 paciente do sexo feminino,&nbsp; 26 anos de idade. Paciente em isolamento domiciliar.<\/li><li>paciente do sexo masculino, 15 anos de idade. Paciente em isolamento domiciliar.<\/li><li>01 paciente do sexo feminino,&nbsp; 52 anos de idade. Paciente em isolamento domiciliar.<\/li><li>paciente do sexo masculino, 34 anos de idade. Paciente em isolamento domiciliar.<\/li><li>01 paciente do sexo feminino,&nbsp; 25 anos de idade. Paciente em isolamento domiciliar.<\/li><li>01 paciente do sexo feminino,&nbsp; 23 anos de idade. Paciente em isolamento domiciliar.<\/li><li>01 paciente do sexo feminino,&nbsp; 25 anos de idade. Paciente em isolamento domiciliar.<\/li><li>01 paciente do sexo masculino, 32 anos de idade. Paciente em isolamento domiciliar.<\/li><\/ul>\n\n\n\n<p><strong><u>Amparo: 05 casos.<\/u><\/strong><\/p>\n\n\n\n<ul class=\"wp-block-list\"><li>01 paciente do sexo feminino,&nbsp; 70 anos de idade. Paciente em isolamento domiciliar.<\/li><li>01 paciente do sexo masculino, 57 anos de idade. Paciente em isolamento domiciliar.<\/li><li>01 paciente do sexo masculino, 52 anos de idade. Paciente em isolamento domiciliar.<\/li><li>01 paciente do sexo masculino, 24 anos de idade. Paciente em isolamento domiciliar.<\/li><li>01 paciente do sexo masculino, 62 anos de idade. Paciente em isolamento domiciliar.<\/li><\/ul>\n","protected":false},"excerpt":{"rendered":"<p>A Regi\u00e3o do Cariri confirmou nesta sexta-feira, dia 15 de maio de 2020, mais 07 casos de Covid-19 em munic\u00edpios que comp\u00f5em a 5\u00aa regi\u00e3o&hellip; <\/p>\n","protected":false},"author":1,"featured_media":169776,"comment_status":"closed","ping_status":"closed","sticky":false,"template":"","format":"standard","meta":{"sfsi_plus_gutenberg_text_before_share":"","sfsi_plus_gutenberg_show_text_before_share":"","sfsi_plus_gutenberg_icon_type":"","sfsi_plus_gutenberg_icon_alignemt":"","sfsi_plus_gutenburg_max_per_row":"","footnotes":""},"categories":[50,2],"tags":[],"class_list":["post-169775","post","type-post","status-publish","format-standard","has-post-thumbnail","hentry","category-destaque","category-geral"],"_links":{"self":[{"href":"https:\/\/www.caririemacao.com\/1\/wp-json\/wp\/v2\/posts\/169775","targetHints":{"allow":["GET"]}}],"collection":[{"href":"https:\/\/www.caririemacao.com\/1\/wp-json\/wp\/v2\/posts"}],"about":[{"href":"https:\/\/www.caririemacao.com\/1\/wp-json\/wp\/v2\/types\/post"}],"author":[{"embeddable":true,"href":"https:\/\/www.caririemacao.com\/1\/wp-json\/wp\/v2\/users\/1"}],"replies":[{"embeddable":true,"href":"https:\/\/www.caririemacao.com\/1\/wp-json\/wp\/v2\/comments?post=169775"}],"version-history":[{"count":2,"href":"https:\/\/www.caririemacao.com\/1\/wp-json\/wp\/v2\/posts\/169775\/revisions"}],"predecessor-version":[{"id":169778,"href":"https:\/\/www.caririemacao.com\/1\/wp-json\/wp\/v2\/posts\/169775\/revisions\/169778"}],"wp:featuredmedia":[{"embeddable":true,"href":"https:\/\/www.caririemacao.com\/1\/wp-json\/wp\/v2\/media\/169776"}],"wp:attachment":[{"href":"https:\/\/www.caririemacao.com\/1\/wp-json\/wp\/v2\/media?parent=169775"}],"wp:term":[{"taxonomy":"category","embeddable":true,"href":"https:\/\/www.caririemacao.com\/1\/wp-json\/wp\/v2\/categories?post=169775"},{"taxonomy":"post_tag","embeddable":true,"href":"https:\/\/www.caririemacao.com\/1\/wp-json\/wp\/v2\/tags?post=169775"}],"curies":[{"name":"wp","href":"https:\/\/api.w.org\/{rel}","templated":true}]}}