{"id":169779,"date":"2020-05-16T05:58:09","date_gmt":"2020-05-16T08:58:09","guid":{"rendered":"https:\/\/www.caririemacao.com\/1\/?p=169779"},"modified":"2020-05-16T06:08:08","modified_gmt":"2020-05-16T09:08:08","slug":"homem-que-testou-positivo-para-coronavirus-pula-muro-e-foge-do-hospital-de-monteiro","status":"publish","type":"post","link":"https:\/\/www.caririemacao.com\/1\/2020\/05\/16\/homem-que-testou-positivo-para-coronavirus-pula-muro-e-foge-do-hospital-de-monteiro\/","title":{"rendered":"Homem que testou positivo para coronav\u00edrus pula muro e foge do Hospital de Monteiro"},"content":{"rendered":"\n<p>Um homem infectado com o Covid-19 (coronav\u00edrus), que n\u00e3o teve a identidade revelada, conseguiu fugir do Hospital Regional Santa Filomena, no munic\u00edpio de Monteiro, no Cariri paraibano.<\/p>\n\n\n\n<p>Ele aproveitou o momento em que os profissionais de sa\u00fade estavam atendendo outro paciente, saiu do local onde estava recebendo tratamento, pulou o muro do hospital e fugiu.<\/p>\n\n\n\n<p>De acordo com informa\u00e7\u00f5es, o infectado chegou a ser perseguido, mas ningu\u00e9m teve coragem de imobiliz\u00e1-lo, com medo do se ser infectado.<\/p>\n\n\n\n<p>Populares ainda chegaram a gritar: \u201cpegaaaaaa ele\u201d, mas o medo de chegar perto do homem era maior que a coragem de cont\u00ea-lo. A Pol\u00edcia Militar foi acionada e acabou localizando o homem. Ele estava em sua resid\u00eancia.<\/p>\n\n\n\n<p>At\u00e9 o fechamento desta mat\u00e9ria, n\u00e3o obtivemos informa\u00e7\u00f5es de quais medidas foram adotadas com rela\u00e7\u00e3o a atitude do infectado.<\/p>\n\n\n\n<p><strong>Conscientiza\u00e7\u00e3o<\/strong><br>A prefeita do munic\u00edpio, Anna Lorena, com apoio do Governo do Estado, n\u00e3o tem medido esfor\u00e7os para evitar o cont\u00e1gio pelo coronav\u00edrus no munic\u00edpio. V\u00e1rias medidas j\u00e1 foram adotadas e chegaram inclusive a ganhar destaque nacional. Por\u00e9m, \u00e9 necess\u00e1rio que os moradores tamb\u00e9m fa\u00e7am sua parte, usando a consci\u00eancia e seguindo as orienta\u00e7\u00f5es m\u00e9dicas e das autoridades locais.<\/p>\n\n\n\n<p><strong>De Olho no Cariri<\/strong><\/p>\n\n\n\n<p><em>Com Cariri Ligado<\/em><\/p>\n","protected":false},"excerpt":{"rendered":"<p>Um homem infectado com o Covid-19 (coronav\u00edrus), que n\u00e3o teve a identidade revelada, conseguiu fugir do Hospital Regional Santa Filomena, no munic\u00edpio de Monteiro, no&hellip; <\/p>\n","protected":false},"author":1,"featured_media":169780,"comment_status":"closed","ping_status":"closed","sticky":false,"template":"","format":"standard","meta":{"sfsi_plus_gutenberg_text_before_share":"","sfsi_plus_gutenberg_show_text_before_share":"","sfsi_plus_gutenberg_icon_type":"","sfsi_plus_gutenberg_icon_alignemt":"","sfsi_plus_gutenburg_max_per_row":"","footnotes":""},"categories":[6,50],"tags":[],"class_list":["post-169779","post","type-post","status-publish","format-standard","has-post-thumbnail","hentry","category-cidades","category-destaque"],"_links":{"self":[{"href":"https:\/\/www.caririemacao.com\/1\/wp-json\/wp\/v2\/posts\/169779","targetHints":{"allow":["GET"]}}],"collection":[{"href":"https:\/\/www.caririemacao.com\/1\/wp-json\/wp\/v2\/posts"}],"about":[{"href":"https:\/\/www.caririemacao.com\/1\/wp-json\/wp\/v2\/types\/post"}],"author":[{"embeddable":true,"href":"https:\/\/www.caririemacao.com\/1\/wp-json\/wp\/v2\/users\/1"}],"replies":[{"embeddable":true,"href":"https:\/\/www.caririemacao.com\/1\/wp-json\/wp\/v2\/comments?post=169779"}],"version-history":[{"count":1,"href":"https:\/\/www.caririemacao.com\/1\/wp-json\/wp\/v2\/posts\/169779\/revisions"}],"predecessor-version":[{"id":169781,"href":"https:\/\/www.caririemacao.com\/1\/wp-json\/wp\/v2\/posts\/169779\/revisions\/169781"}],"wp:featuredmedia":[{"embeddable":true,"href":"https:\/\/www.caririemacao.com\/1\/wp-json\/wp\/v2\/media\/169780"}],"wp:attachment":[{"href":"https:\/\/www.caririemacao.com\/1\/wp-json\/wp\/v2\/media?parent=169779"}],"wp:term":[{"taxonomy":"category","embeddable":true,"href":"https:\/\/www.caririemacao.com\/1\/wp-json\/wp\/v2\/categories?post=169779"},{"taxonomy":"post_tag","embeddable":true,"href":"https:\/\/www.caririemacao.com\/1\/wp-json\/wp\/v2\/tags?post=169779"}],"curies":[{"name":"wp","href":"https:\/\/api.w.org\/{rel}","templated":true}]}}