{"id":169782,"date":"2020-05-16T06:02:29","date_gmt":"2020-05-16T09:02:29","guid":{"rendered":"https:\/\/www.caririemacao.com\/1\/?p=169782"},"modified":"2020-05-16T06:02:29","modified_gmt":"2020-05-16T09:02:29","slug":"confirmadas-quatro-mortes-em-acidente-de-aviao-no-ceara-dois-eram-medicos","status":"publish","type":"post","link":"https:\/\/www.caririemacao.com\/1\/2020\/05\/16\/confirmadas-quatro-mortes-em-acidente-de-aviao-no-ceara-dois-eram-medicos\/","title":{"rendered":"Confirmadas quatro mortes em acidente de avi\u00e3o no Cear\u00e1; dois eram m\u00e9dicos"},"content":{"rendered":"\n<p>Quatro pessoas morreram ap\u00f3s um avi\u00e3o de pequeno porte, que levava um paciente com coronav\u00edrus para Teresina, no Piau\u00ed, cair na Serra de S\u00e3o Benedito, munic\u00edpio da Regi\u00e3o da Ibiapaba, no Interior do Cear\u00e1, na noite desta sexta-feira, 15. De acordo com informa\u00e7\u00f5es do Corpo de Bombeiros de Sobral,\u00a0as v\u00edtimas seriam o piloto, dois m\u00e9dicos e o paciente, identificado como Pedro Meneses.\u00a0Acidente teria ocorrido por volta das 19 horas e foi confirmado pelo prefeito da cidade, Gadyel Gon\u00e7alves (PCdoB)<\/p>\n\n\n\n<figure class=\"wp-block-image\"><img decoding=\"async\" src=\"https:\/\/adserver.resenhapolitika.com.br\/www\/delivery\/lg.php?bannerid=0&amp;campaignid=0&amp;zoneid=7&amp;loc=https%3A%2F%2Fwww.resenhapolitika.com.br%2Fnoticia%2Fconfirmadas-quatro-mortes-em-acidente-de-aviao-no-ceara-dois-eram-medicos&amp;cb=8e198c6f1b\" alt=\"\"\/><\/figure>\n\n\n\n<p>Segundo o Aeroporto de Sobral repassou ao Corpo de Bombeiros, o avi\u00e3o pousou no munic\u00edpio com o piloto e dois m\u00e9dicos para auxiliar a transfer\u00eancia. Conforme o Major Moraes, a aeronave decolou de Teresina e buscou Pedro, que era m\u00e9dico, em Sobral. De acordo com a Secretaria de Sa\u00fade de Sobral, que apura as informa\u00e7\u00f5es, &#8220;um paciente m\u00e9dico fretou uma aeronave para ir ficar com a fam\u00edlia&#8221;.<\/p>\n\n\n\n<p>Com resenha Pol\u00edtica<\/p>\n","protected":false},"excerpt":{"rendered":"<p>Quatro pessoas morreram ap\u00f3s um avi\u00e3o de pequeno porte, que levava um paciente com coronav\u00edrus para Teresina, no Piau\u00ed, cair na Serra de S\u00e3o Benedito,&hellip; <\/p>\n","protected":false},"author":1,"featured_media":169783,"comment_status":"closed","ping_status":"closed","sticky":false,"template":"","format":"standard","meta":{"sfsi_plus_gutenberg_text_before_share":"","sfsi_plus_gutenberg_show_text_before_share":"","sfsi_plus_gutenberg_icon_type":"","sfsi_plus_gutenberg_icon_alignemt":"","sfsi_plus_gutenburg_max_per_row":"","footnotes":""},"categories":[50],"tags":[],"class_list":["post-169782","post","type-post","status-publish","format-standard","has-post-thumbnail","hentry","category-destaque"],"_links":{"self":[{"href":"https:\/\/www.caririemacao.com\/1\/wp-json\/wp\/v2\/posts\/169782","targetHints":{"allow":["GET"]}}],"collection":[{"href":"https:\/\/www.caririemacao.com\/1\/wp-json\/wp\/v2\/posts"}],"about":[{"href":"https:\/\/www.caririemacao.com\/1\/wp-json\/wp\/v2\/types\/post"}],"author":[{"embeddable":true,"href":"https:\/\/www.caririemacao.com\/1\/wp-json\/wp\/v2\/users\/1"}],"replies":[{"embeddable":true,"href":"https:\/\/www.caririemacao.com\/1\/wp-json\/wp\/v2\/comments?post=169782"}],"version-history":[{"count":1,"href":"https:\/\/www.caririemacao.com\/1\/wp-json\/wp\/v2\/posts\/169782\/revisions"}],"predecessor-version":[{"id":169784,"href":"https:\/\/www.caririemacao.com\/1\/wp-json\/wp\/v2\/posts\/169782\/revisions\/169784"}],"wp:featuredmedia":[{"embeddable":true,"href":"https:\/\/www.caririemacao.com\/1\/wp-json\/wp\/v2\/media\/169783"}],"wp:attachment":[{"href":"https:\/\/www.caririemacao.com\/1\/wp-json\/wp\/v2\/media?parent=169782"}],"wp:term":[{"taxonomy":"category","embeddable":true,"href":"https:\/\/www.caririemacao.com\/1\/wp-json\/wp\/v2\/categories?post=169782"},{"taxonomy":"post_tag","embeddable":true,"href":"https:\/\/www.caririemacao.com\/1\/wp-json\/wp\/v2\/tags?post=169782"}],"curies":[{"name":"wp","href":"https:\/\/api.w.org\/{rel}","templated":true}]}}