{"id":169788,"date":"2020-05-16T06:07:56","date_gmt":"2020-05-16T09:07:56","guid":{"rendered":"https:\/\/www.caririemacao.com\/1\/?p=169788"},"modified":"2020-05-16T08:49:55","modified_gmt":"2020-05-16T11:49:55","slug":"mais-um-municipio-da-paraiba-institui-toque-de-recolher-para-impedir-avanca-do-coronavirus","status":"publish","type":"post","link":"https:\/\/www.caririemacao.com\/1\/2020\/05\/16\/mais-um-municipio-da-paraiba-institui-toque-de-recolher-para-impedir-avanca-do-coronavirus\/","title":{"rendered":"Mais um munic\u00edpio da Para\u00edba institui \u201ctoque de recolher\u201d para impedir avan\u00e7o do coronav\u00edrus"},"content":{"rendered":"\n<p>O combate a pandemia que tem matado milhares pelo mundo afora tem feito com que prefeitos e governadores adotem medidas cada vez mais severas para conter o avan\u00e7o do coronav\u00edrus. Na Para\u00edba, a cidade de Bel\u00e9m j\u00e1 adotou o \u201ctoque de recolher\u201d como uma das medidas e agora outro munic\u00edpio do estado tamb\u00e9m adota a mesma medida.<\/p>\n\n\n\n<p>Com o registro de 24 casos da Covid-19 confirmados em pouco mais de uma semana, o prefeito de Juazeirinho, Bevilacqua Matias (Avante), baixou um novo decreto nesta quarta-feira (13), onde endurece as medidas restritivas de funcionamento do com\u00e9rcio e da circula\u00e7\u00e3o de pessoas.&nbsp;Desta forma, o prefeito decretou o toque de recolher a partir das 20 horas.<\/p>\n\n\n\n<p>Segundo o&nbsp;site do Heleno Lima, al\u00e9m do toque de recolher, o comercio, de acordo com o novo decreto,&nbsp; pode funcionar entre 7 e 15 horas.&nbsp;Farm\u00e1cias, padarias, supermercado e mercadinhos, est\u00e3o autorizados a funcionarem das 6 as 20 horas ao passo que os postos de combust\u00edvel poder\u00e3o funcionar 24 horas por dia.<\/p>\n\n\n\n<p>Bevilacqua refor\u00e7a a import\u00e2ncia do isolamento social como \u00fanica forma eficaz de preven\u00e7\u00e3o e combate ao novo Coronav\u00edrus.<\/p>\n\n\n\n<p>O alcaide lembra que todos os pa\u00edses da Europa e outros continentes que conseguiram vencer a curva ascendente de contamina\u00e7\u00e3o por Covid-19, foram atrav\u00e9s do isolamento social.&nbsp;Outros servi\u00e7os s\u00f3 poder\u00e3o funcionar atrav\u00e9s de delivery.<\/p>\n\n\n\n<p><strong>Da Reda\u00e7\u00e3o&nbsp;<\/strong><br><strong>Do ExpressoPB<\/strong><\/p>\n","protected":false},"excerpt":{"rendered":"<p>O combate a pandemia que tem matado milhares pelo mundo afora tem feito com que prefeitos e governadores adotem medidas cada vez mais severas para&hellip; <\/p>\n","protected":false},"author":1,"featured_media":169789,"comment_status":"closed","ping_status":"closed","sticky":false,"template":"","format":"standard","meta":{"sfsi_plus_gutenberg_text_before_share":"","sfsi_plus_gutenberg_show_text_before_share":"","sfsi_plus_gutenberg_icon_type":"","sfsi_plus_gutenberg_icon_alignemt":"","sfsi_plus_gutenburg_max_per_row":"","footnotes":""},"categories":[6,2],"tags":[],"class_list":["post-169788","post","type-post","status-publish","format-standard","has-post-thumbnail","hentry","category-cidades","category-geral"],"_links":{"self":[{"href":"https:\/\/www.caririemacao.com\/1\/wp-json\/wp\/v2\/posts\/169788","targetHints":{"allow":["GET"]}}],"collection":[{"href":"https:\/\/www.caririemacao.com\/1\/wp-json\/wp\/v2\/posts"}],"about":[{"href":"https:\/\/www.caririemacao.com\/1\/wp-json\/wp\/v2\/types\/post"}],"author":[{"embeddable":true,"href":"https:\/\/www.caririemacao.com\/1\/wp-json\/wp\/v2\/users\/1"}],"replies":[{"embeddable":true,"href":"https:\/\/www.caririemacao.com\/1\/wp-json\/wp\/v2\/comments?post=169788"}],"version-history":[{"count":2,"href":"https:\/\/www.caririemacao.com\/1\/wp-json\/wp\/v2\/posts\/169788\/revisions"}],"predecessor-version":[{"id":169887,"href":"https:\/\/www.caririemacao.com\/1\/wp-json\/wp\/v2\/posts\/169788\/revisions\/169887"}],"wp:featuredmedia":[{"embeddable":true,"href":"https:\/\/www.caririemacao.com\/1\/wp-json\/wp\/v2\/media\/169789"}],"wp:attachment":[{"href":"https:\/\/www.caririemacao.com\/1\/wp-json\/wp\/v2\/media?parent=169788"}],"wp:term":[{"taxonomy":"category","embeddable":true,"href":"https:\/\/www.caririemacao.com\/1\/wp-json\/wp\/v2\/categories?post=169788"},{"taxonomy":"post_tag","embeddable":true,"href":"https:\/\/www.caririemacao.com\/1\/wp-json\/wp\/v2\/tags?post=169788"}],"curies":[{"name":"wp","href":"https:\/\/api.w.org\/{rel}","templated":true}]}}