{"id":169791,"date":"2020-05-16T06:26:54","date_gmt":"2020-05-16T09:26:54","guid":{"rendered":"https:\/\/www.caririemacao.com\/1\/?p=169791"},"modified":"2020-05-16T06:33:33","modified_gmt":"2020-05-16T09:33:33","slug":"prefeitura-de-camalau-instala-tendas-de-apoio-para-os-que-vao-receber-o-auxilio-emergencial","status":"publish","type":"post","link":"https:\/\/www.caririemacao.com\/1\/2020\/05\/16\/prefeitura-de-camalau-instala-tendas-de-apoio-para-os-que-vao-receber-o-auxilio-emergencial\/","title":{"rendered":"Prefeitura de Camala\u00fa instala tendas de apoio para os que v\u00e3o receber o Aux\u00edlio Emergencial"},"content":{"rendered":"\n<p>A Prefeitura de Camala\u00fa desde o in\u00edcio da pandemia na Para\u00edba vem adotando v\u00e1rias medidas e  tomando todos os cuidados necess\u00e1rios para assegurar a sa\u00fade e prote\u00e7\u00e3o da popula\u00e7\u00e3o camalauense. <\/p>\n\n\n\n<p>Uma das \u00faltimas medidas adotadas pela prefeitura, foi a instala\u00e7\u00e3o de tendas para as pessoas que ir\u00e3o receber o Aux\u00edlio Emergencial do gorverno neste s\u00e1bado 16.   Somando mais uma medida de combate adotada pela prefeitura contra o novo Coronav\u00edrus. <\/p>\n\n\n\n<p>De acordo com o prefeito Sandro, v\u00e1rias a\u00e7\u00f5es foram e vem sendo tomadas para diminuir o risco de cont\u00e1gio pelo novo Coronav\u00edrus no munic\u00edpio. Lembrando que at\u00e9 o momento, n\u00e3o houve nenhum registro de casos confirmados na cidade. <\/p>\n\n\n\n<p><\/p>\n","protected":false},"excerpt":{"rendered":"<p>A Prefeitura de Camala\u00fa desde o in\u00edcio da pandemia na Para\u00edba vem adotando v\u00e1rias medidas e tomando todos os cuidados necess\u00e1rios para assegurar a sa\u00fade&hellip; <\/p>\n","protected":false},"author":1,"featured_media":169792,"comment_status":"closed","ping_status":"closed","sticky":false,"template":"","format":"standard","meta":{"sfsi_plus_gutenberg_text_before_share":"","sfsi_plus_gutenberg_show_text_before_share":"","sfsi_plus_gutenberg_icon_type":"","sfsi_plus_gutenberg_icon_alignemt":"","sfsi_plus_gutenburg_max_per_row":"","footnotes":""},"categories":[6,50],"tags":[],"class_list":["post-169791","post","type-post","status-publish","format-standard","has-post-thumbnail","hentry","category-cidades","category-destaque"],"_links":{"self":[{"href":"https:\/\/www.caririemacao.com\/1\/wp-json\/wp\/v2\/posts\/169791","targetHints":{"allow":["GET"]}}],"collection":[{"href":"https:\/\/www.caririemacao.com\/1\/wp-json\/wp\/v2\/posts"}],"about":[{"href":"https:\/\/www.caririemacao.com\/1\/wp-json\/wp\/v2\/types\/post"}],"author":[{"embeddable":true,"href":"https:\/\/www.caririemacao.com\/1\/wp-json\/wp\/v2\/users\/1"}],"replies":[{"embeddable":true,"href":"https:\/\/www.caririemacao.com\/1\/wp-json\/wp\/v2\/comments?post=169791"}],"version-history":[{"count":5,"href":"https:\/\/www.caririemacao.com\/1\/wp-json\/wp\/v2\/posts\/169791\/revisions"}],"predecessor-version":[{"id":169797,"href":"https:\/\/www.caririemacao.com\/1\/wp-json\/wp\/v2\/posts\/169791\/revisions\/169797"}],"wp:featuredmedia":[{"embeddable":true,"href":"https:\/\/www.caririemacao.com\/1\/wp-json\/wp\/v2\/media\/169792"}],"wp:attachment":[{"href":"https:\/\/www.caririemacao.com\/1\/wp-json\/wp\/v2\/media?parent=169791"}],"wp:term":[{"taxonomy":"category","embeddable":true,"href":"https:\/\/www.caririemacao.com\/1\/wp-json\/wp\/v2\/categories?post=169791"},{"taxonomy":"post_tag","embeddable":true,"href":"https:\/\/www.caririemacao.com\/1\/wp-json\/wp\/v2\/tags?post=169791"}],"curies":[{"name":"wp","href":"https:\/\/api.w.org\/{rel}","templated":true}]}}