{"id":169798,"date":"2020-05-16T06:41:26","date_gmt":"2020-05-16T09:41:26","guid":{"rendered":"https:\/\/www.caririemacao.com\/1\/?p=169798"},"modified":"2020-05-16T06:41:26","modified_gmt":"2020-05-16T09:41:26","slug":"paraiba-tem-3-739-casos-confirmados-e-170-mortes-por-covid-19","status":"publish","type":"post","link":"https:\/\/www.caririemacao.com\/1\/2020\/05\/16\/paraiba-tem-3-739-casos-confirmados-e-170-mortes-por-covid-19\/","title":{"rendered":"Para\u00edba tem 3.739 casos confirmados e 170 mortes por Covid-19"},"content":{"rendered":"\n<p>A Para\u00edba tem 3.739 casos confirmados de contamina\u00e7\u00e3o pelo novo coronav\u00edrus, segundo informa\u00e7\u00f5es da Secretaria de Estado da Sa\u00fade (SES) divulgadas nesta sexta-feira (15). O n\u00famero de mortes confirmadas por Covid-19 subiu para 170 no estado desde o in\u00edcio da pandemia. Cento e vinte e oito cidades da Para\u00edba j\u00e1 t\u00eam casos registrados.<\/p>\n\n\n\n<p>Foram registradas&nbsp;<strong>mais 10 mortes em decorr\u00eancia do coronav\u00edrus<\/strong>&nbsp;desde o \u00faltimo boletim:<\/p>\n\n\n\n<ol class=\"wp-block-list\"><li>Mulher de 67 anos, diab\u00e9tica, com doen\u00e7a cardiovascular, com doen\u00e7a renal cr\u00f4nica, residente em Jo\u00e3o Pessoa.<\/li><li>Homem de 69 anos, sem doen\u00e7as associadas, residente em Jo\u00e3o pessoa.<\/li><li>Homem de 42 anos, sem comorbidade, residente em Itatuba.<\/li><li>Homem de 48 anos, diab\u00e9tico, residente em Jo\u00e3o Pessoa.<\/li><li>Mulher de 88 anos, hipertensa, residente em Pedra de Fogo.<\/li><li>Homem de 37 anos, diab\u00e9tico e obeso, residente em Jo\u00e3o Pessoa.<\/li><li>Beb\u00ea de 4 meses, cardiopata, residente em Cuitegi.<\/li><li>Homem de 80 anos, hipertenso, residente em Santa Rita.<\/li><li>Mulher de 45 anos, com insufici\u00eancia renal, residente em Cruz do Esp\u00edrito Santo.<\/li><li>Mulher de 40 anos, com l\u00fapus, residente em S\u00e3o Sebasti\u00e3o de Lagoa da Ro\u00e7a.<\/li><\/ol>\n\n\n\n<p>Boletim do coronav\u00edrus na Para\u00edba<\/p>\n\n\n\n<ul class=\"wp-block-list\"><li><strong>3.739\u00a0<\/strong>casos confirmados<\/li><li><strong>170\u00a0<\/strong>mortes<\/li><li><strong>4.480\u00a0<\/strong>casos descartados<\/li><li><strong>1.069\u00a0<\/strong>recuperados<\/li><\/ul>\n\n\n\n<p>Casos de coronav\u00edrus na PB est\u00e3o distribu\u00eddos em 128 munic\u00edpios<\/p>\n\n\n\n<ol class=\"wp-block-list\"><li>1.478 em Jo\u00e3o Pessoa,<\/li><li>288 em Santa Rita,<\/li><li>261 em Campina Grande,<\/li><li>219 em Patos,<\/li><li>189 em Cabedelo,<\/li><li>131 em Guarabira,<\/li><li>105 em Sap\u00e9,<\/li><li>104 em Caapor\u00e3,<\/li><li>83 em Bayeux,<\/li><li>63 em Sousa,<\/li><li>50 em Alhandra,<\/li><li>42 em Mari,<\/li><li>38 em Pedras de Fogo,<\/li><li>34 em Cruz do Esp\u00edrito Santo,<\/li><li>32 em Conde,<\/li><li>29 em Cajazeiras,<\/li><li>24 em Lucena,<\/li><li>22 em Itabaiana,<\/li><li>20 em Condado,<\/li><li>19 em Alagoa Grande,<\/li><li>19 em Pitimbu,<\/li><li>19 em Tapero\u00e1,<\/li><li>18 em Itapororoca,<\/li><li>17 em Juripiranga,<\/li><li>17 em Queimadas,<\/li><li>15 em Juazeirinho,<\/li><li>15 em Mamanguape,<\/li><li>15 em Pilar,<\/li><li>15 em Rem\u00edgio,<\/li><li>15 em Rio Tinto,<\/li><li>14 em Alagoinha,<\/li><li>13 em Areia,<\/li><li>11 em Monteiro,<\/li><li>11 em S\u00e3o Bento,<\/li><li>10 em Congo,<\/li><li>9 em Esperan\u00e7a,<\/li><li>9 em Pil\u00f5ezinhos,<\/li><li>8 em Baia da Trai\u00e7\u00e3o,<\/li><li>8 em Bananeiras,<\/li><li>8 em Cai\u00e7ara,<\/li><li>8 em Coremas,<\/li><li>8 em Lagoa Seca,<\/li><li>8 em Sol\u00e2nea,<\/li><li>7 em Bel\u00e9m,<\/li><li>7 em Capim,<\/li><li>6 em Ara\u00e7agi,<\/li><li>7 em Gurinh\u00e9m,<\/li><li>7 em S\u00e3o Miguel de Taipu,<\/li><li>7 em S\u00e3o Sebasti\u00e3o de Lagoa de Ro\u00e7a,<\/li><li>7 em Umbuzeiro,<\/li><li>6 em Pirpirituba,<\/li><li>6 em Pombal,<\/li><li>6 em S\u00e3o Jo\u00e3o do Rio do Peixe,<\/li><li>5 em Cuitegi,<\/li><li>5 em Pianc\u00f3,<\/li><li>5 em Riach\u00e3o do Bacamarte ,<\/li><li>5 em Aroeiras,<\/li><li>4 em Barra de Santana,<\/li><li>4 em Itatuba,<\/li><li>4 em Imaculada,<\/li><li>4 em Malta,<\/li><li>4 em Mariz\u00f3polis,<\/li><li>4 em Massaranduba,<\/li><li>4 em Salgado de S\u00e3o F\u00e9lix,<\/li><li>4 em Santa Luzia,<\/li><li>4 em S\u00e3o Jos\u00e9 do Sabugi,<\/li><li>4 em S\u00e3o Jos\u00e9 dos Ramos,<\/li><li>4 em Serra da Ra\u00edz,<\/li><li>4 em Sobrado,<\/li><li>3 em Coxixola,<\/li><li>3 em Junco do Serid\u00f3,<\/li><li>3 em Mulungu,<\/li><li>3 em Princesa Isabel,<\/li><li>3 em S\u00e3o Jos\u00e9 de Piranhas,<\/li><li>2 em Alagoa Nova,<\/li><li>2 em Boqueir\u00e3o,<\/li><li>2 em Gado Bravo,<\/li><li>2 em Itaporanga,<\/li><li>2 em Jacara\u00fa,<\/li><li>2 em Lagoa de Dentro,<\/li><li>2 em Riacho dos Cavalos,<\/li><li>2 em S\u00e3o Jos\u00e9 de Espinharas,<\/li><li>2 em S\u00e3o Jos\u00e9 do Bonfim,<\/li><li>2 em Serra Branca,<\/li><li>Serra Redonda,<\/li><li>2 em Sert\u00e3ozinho,<\/li><li>2 em Soledade,<\/li><li>2 em Tacima,<\/li><li>2 em Uira\u00fana,<\/li><li>Amparo,<\/li><li>1 em Arara,<\/li><li>1 em Areial,<\/li><li>1 em Barra de S\u00e3o Miguel,<\/li><li>1 em Bom Jesus,<\/li><li>1 em Borborema,<\/li><li>1 em Brejo do Cruz,<\/li><li>1 em Cajazeirinhas,<\/li><li>1 em Casserengue,<\/li><li>1 em Catingueira,<\/li><li>1 em Concei\u00e7\u00e3o,<\/li><li>1 em Cuit\u00e9,<\/li><li>1 em Cuit\u00e9 de Mamanguape,<\/li><li>1 em Curral de Cima,<\/li><li>1 em Duas Estradas,<\/li><li>1 em Igaracy,<\/li><li>1 em Ing\u00e1,<\/li><li>1 em Joca Claudino,<\/li><li>1 em Juarez T\u00e1vora,<\/li><li>1 em Mataraca,<\/li><li>1 em Matinhas,<\/li><li>1 em Matureia,<\/li><li>1 em Mogeiro,<\/li><li>1 em Natuba,<\/li><li>1 em Nova Floresta,<\/li><li>1 em Nova Olinda ,<\/li><li>1 em Olho D\u00b4\u00c1gua,<\/li><li>1 em Picu\u00ed,<\/li><li>1 em Pil\u00f5es,<\/li><li>1 em Pocinhos,<\/li><li>1 em Puxinan\u00e3,<\/li><li>1 em Quixaba,<\/li><li>1 em Riach\u00e3o do Po\u00e7o,<\/li><li>1 em Santa Helena,<\/li><li>1 em Santa Terezinha,<\/li><li>1 em S\u00e3o Vicente do Serid\u00f3,<\/li><li>1 em Serraria,<\/li><li>1 em Teixeira e<\/li><li>1 em Vista Serrana.<\/li><\/ol>\n\n\n\n<p>Com G1<\/p>\n","protected":false},"excerpt":{"rendered":"<p>A Para\u00edba tem 3.739 casos confirmados de contamina\u00e7\u00e3o pelo novo coronav\u00edrus, segundo informa\u00e7\u00f5es da Secretaria de Estado da Sa\u00fade (SES) divulgadas nesta sexta-feira (15). O&hellip; <\/p>\n","protected":false},"author":1,"featured_media":169800,"comment_status":"closed","ping_status":"closed","sticky":false,"template":"","format":"standard","meta":{"sfsi_plus_gutenberg_text_before_share":"","sfsi_plus_gutenberg_show_text_before_share":"","sfsi_plus_gutenberg_icon_type":"","sfsi_plus_gutenberg_icon_alignemt":"","sfsi_plus_gutenburg_max_per_row":"","footnotes":""},"categories":[50,16],"tags":[],"class_list":["post-169798","post","type-post","status-publish","format-standard","has-post-thumbnail","hentry","category-destaque","category-saude"],"_links":{"self":[{"href":"https:\/\/www.caririemacao.com\/1\/wp-json\/wp\/v2\/posts\/169798","targetHints":{"allow":["GET"]}}],"collection":[{"href":"https:\/\/www.caririemacao.com\/1\/wp-json\/wp\/v2\/posts"}],"about":[{"href":"https:\/\/www.caririemacao.com\/1\/wp-json\/wp\/v2\/types\/post"}],"author":[{"embeddable":true,"href":"https:\/\/www.caririemacao.com\/1\/wp-json\/wp\/v2\/users\/1"}],"replies":[{"embeddable":true,"href":"https:\/\/www.caririemacao.com\/1\/wp-json\/wp\/v2\/comments?post=169798"}],"version-history":[{"count":1,"href":"https:\/\/www.caririemacao.com\/1\/wp-json\/wp\/v2\/posts\/169798\/revisions"}],"predecessor-version":[{"id":169804,"href":"https:\/\/www.caririemacao.com\/1\/wp-json\/wp\/v2\/posts\/169798\/revisions\/169804"}],"wp:featuredmedia":[{"embeddable":true,"href":"https:\/\/www.caririemacao.com\/1\/wp-json\/wp\/v2\/media\/169800"}],"wp:attachment":[{"href":"https:\/\/www.caririemacao.com\/1\/wp-json\/wp\/v2\/media?parent=169798"}],"wp:term":[{"taxonomy":"category","embeddable":true,"href":"https:\/\/www.caririemacao.com\/1\/wp-json\/wp\/v2\/categories?post=169798"},{"taxonomy":"post_tag","embeddable":true,"href":"https:\/\/www.caririemacao.com\/1\/wp-json\/wp\/v2\/tags?post=169798"}],"curies":[{"name":"wp","href":"https:\/\/api.w.org\/{rel}","templated":true}]}}