{"id":169807,"date":"2020-05-16T06:45:27","date_gmt":"2020-05-16T09:45:27","guid":{"rendered":"https:\/\/www.caririemacao.com\/1\/?p=169807"},"modified":"2020-05-16T06:45:27","modified_gmt":"2020-05-16T09:45:27","slug":"projeto-de-lei-preve-abrigar-moradores-de-rua-em-hoteis-da-paraiba-durante-pandemia-do-novo-coronavirus","status":"publish","type":"post","link":"https:\/\/www.caririemacao.com\/1\/2020\/05\/16\/projeto-de-lei-preve-abrigar-moradores-de-rua-em-hoteis-da-paraiba-durante-pandemia-do-novo-coronavirus\/","title":{"rendered":"Projeto de Lei prev\u00ea abrigar moradores de rua em hot\u00e9is da Para\u00edba durante pandemia do novo coronav\u00edrus"},"content":{"rendered":"\n<p>A Assembleia Legislativa da Para\u00edba deve discutir, nos pr\u00f3ximos dias, um Projeto de Lei (PL) que prop\u00f5e um Plano Emergencial para Prote\u00e7\u00e3o da Popula\u00e7\u00e3o em Situa\u00e7\u00e3o de Rua e que inclui medidas de sa\u00fade, alimenta\u00e7\u00e3o e abrigo para os que vivem em extrema vulnerabilidade social. Uma das medidas \u00e9 ofertar hospedagem em hot\u00e9is que se voluntariem em receber as pessoas que vivem nessas condi\u00e7\u00f5es.<\/p>\n\n\n\n<p>A inciativa \u00e9 da ONG Instituto Projeto P\u00fablico, que formulou e encaminhou as propostas que resultou no Projeto de Lei n\u00ba 1.731\/2020, de autoria do presidente da Assembleia Legislativa, Adriano Galdino (PSB).<\/p>\n\n\n\n<p>O Plano Emergencial disp\u00f5e de uma s\u00e9rie de medidas que poder\u00e3o ser adotadas pelo poder p\u00fablico para proteger a popula\u00e7\u00e3o vulner\u00e1vel, entre elas a possibilidade do fornecimento de recursos e subs\u00eddios para pagamento aos hot\u00e9is e pousadas que se voluntariem a receber as pessoas em situa\u00e7\u00e3o de rua. A medida seria v\u00e1lida pelo per\u00edodo que perdurar a recomenda\u00e7\u00e3o de distanciamento social no Estado e se estende \u00e0s mulheres, crian\u00e7as e jovens v\u00edtimas de viol\u00eancia dom\u00e9stica que sejam obrigadas a abandonar suas casas.<\/p>\n\n\n\n<p>Teriam prioridades na destina\u00e7\u00e3o desses espa\u00e7os as pessoas que comp\u00f5es os variados grupos de risco, tais como idosos, pessoas com doen\u00e7as cr\u00f4nicas, imunossuprimidas, portadores de doen\u00e7as respirat\u00f3rias e outras comorbidades preexistentes que possam conduzir a um agravamento do estado geral de sa\u00fade a partir do cont\u00e1gio de COVID-19.<\/p>\n\n\n\n<p>O advogado e professor Victor Barreto, da ONG Instituto Projeto P\u00fablico, enfatiza que \u00e9 urgente que se garanta a todos de forma indistinta as mesmas medidas de prote\u00e7\u00e3o recomendadas pela OMS, mas faz uma ressalva. &#8220;O poder p\u00fablico deve se abster de executar qualquer pol\u00edtica indiscriminada de interna\u00e7\u00e3o compuls\u00f3ria de pessoas em situa\u00e7\u00e3o de rua a pretexto de efetivar preven\u00e7\u00e3o ao Covid-19.&#8221;<\/p>\n\n\n\n<p>O texto a ser apresentado aos deputados estaduais traz ainda medidas de higiene e prote\u00e7\u00e3o \u00e0 sa\u00fade como disponibiliza\u00e7\u00e3o de pontos de \u00e1gua pot\u00e1vel nas principais pra\u00e7as e logradouros p\u00fablicos, de \u00e1lcool em gel, m\u00e1scaras faciais, produtos de higiene pessoal, al\u00e9m de outros que sejam indicados pelos \u00f3rg\u00e3os integrantes do Sistema \u00danico de Sa\u00fade e pela Organiza\u00e7\u00e3o Mundial da Sa\u00fade (OMS).<\/p>\n\n\n\n<p>Est\u00e3o previstos ainda no Projeto de Lei a antecipa\u00e7\u00e3o das campanhas de vacina\u00e7\u00e3o necess\u00e1rias para imuniza\u00e7\u00e3o da popula\u00e7\u00e3o em situa\u00e7\u00e3o de rua, bem como a garantia de alimenta\u00e7\u00e3o adequada nos equipamentos p\u00fablicos e demais locais em que se encontrem durante o per\u00edodo em que for necess\u00e1rio o distanciamento social para preven\u00e7\u00e3o \u00e0 propaga\u00e7\u00e3o do novo coronav\u00edrus.<\/p>\n\n\n\n<p>Segundo dados de 2016 realizados pelo Instituto de Pesquisa Econ\u00f4mica Aplicada do Minist\u00e9rio do Planejamento, Desenvolvimento e Gest\u00e3o, estima-se que existam 101.854 pessoas em situa\u00e7\u00e3o de rua no Brasil. Desse total, 77% habitam nos munic\u00edpios com mais de 100 mil habitantes.<\/p>\n","protected":false},"excerpt":{"rendered":"<p>A Assembleia Legislativa da Para\u00edba deve discutir, nos pr\u00f3ximos dias, um Projeto de Lei (PL) que prop\u00f5e um Plano Emergencial para Prote\u00e7\u00e3o da Popula\u00e7\u00e3o em&hellip; <\/p>\n","protected":false},"author":2,"featured_media":169808,"comment_status":"closed","ping_status":"closed","sticky":false,"template":"","format":"standard","meta":{"sfsi_plus_gutenberg_text_before_share":"","sfsi_plus_gutenberg_show_text_before_share":"","sfsi_plus_gutenberg_icon_type":"","sfsi_plus_gutenberg_icon_alignemt":"","sfsi_plus_gutenburg_max_per_row":"","footnotes":""},"categories":[11],"tags":[],"class_list":["post-169807","post","type-post","status-publish","format-standard","has-post-thumbnail","hentry","category-politica"],"_links":{"self":[{"href":"https:\/\/www.caririemacao.com\/1\/wp-json\/wp\/v2\/posts\/169807","targetHints":{"allow":["GET"]}}],"collection":[{"href":"https:\/\/www.caririemacao.com\/1\/wp-json\/wp\/v2\/posts"}],"about":[{"href":"https:\/\/www.caririemacao.com\/1\/wp-json\/wp\/v2\/types\/post"}],"author":[{"embeddable":true,"href":"https:\/\/www.caririemacao.com\/1\/wp-json\/wp\/v2\/users\/2"}],"replies":[{"embeddable":true,"href":"https:\/\/www.caririemacao.com\/1\/wp-json\/wp\/v2\/comments?post=169807"}],"version-history":[{"count":1,"href":"https:\/\/www.caririemacao.com\/1\/wp-json\/wp\/v2\/posts\/169807\/revisions"}],"predecessor-version":[{"id":169809,"href":"https:\/\/www.caririemacao.com\/1\/wp-json\/wp\/v2\/posts\/169807\/revisions\/169809"}],"wp:featuredmedia":[{"embeddable":true,"href":"https:\/\/www.caririemacao.com\/1\/wp-json\/wp\/v2\/media\/169808"}],"wp:attachment":[{"href":"https:\/\/www.caririemacao.com\/1\/wp-json\/wp\/v2\/media?parent=169807"}],"wp:term":[{"taxonomy":"category","embeddable":true,"href":"https:\/\/www.caririemacao.com\/1\/wp-json\/wp\/v2\/categories?post=169807"},{"taxonomy":"post_tag","embeddable":true,"href":"https:\/\/www.caririemacao.com\/1\/wp-json\/wp\/v2\/tags?post=169807"}],"curies":[{"name":"wp","href":"https:\/\/api.w.org\/{rel}","templated":true}]}}