{"id":169811,"date":"2020-05-16T06:47:54","date_gmt":"2020-05-16T09:47:54","guid":{"rendered":"https:\/\/www.caririemacao.com\/1\/?p=169811"},"modified":"2020-05-16T06:47:54","modified_gmt":"2020-05-16T09:47:54","slug":"paraiba-tem-3-739-infectados-e-170-mortos-por-covid-19","status":"publish","type":"post","link":"https:\/\/www.caririemacao.com\/1\/2020\/05\/16\/paraiba-tem-3-739-infectados-e-170-mortos-por-covid-19\/","title":{"rendered":"Para\u00edba tem 3.739 infectados e 170 mortos por covid-19"},"content":{"rendered":"\n<p>A Secretaria de Estado da Sa\u00fade divulgou, no in\u00edcio da noite desta sexta-feira (15), um boletim informativo com os novos n\u00fameros do covid-19 na Para\u00edba.&nbsp;<\/p>\n\n\n\n<ul class=\"wp-block-list\"><li>Casos Confirmados:&nbsp; 3.739<\/li><li>Casos Descartados: 4.480<\/li><li>\u00d3bitos confirmados: 170<\/li><li>Casos recuperados: 1.069<\/li><\/ul>\n\n\n\n<p>Nesta Sexta, 15 de maio, a Para\u00edba registra mais uma vez,&nbsp; o maior n\u00famero de casos e em um \u00fanico dia, s\u00e3o 378 novos casos de Covid-19 e 10 \u00f3bitos confirmados causados pela doen\u00e7a. Assim, a Para\u00edba atinge 3.739 casos de Covid -19.&nbsp;<\/p>\n\n\n\n<p>Destes, 170, infelizmente, faleceram e 1.069 j\u00e1 se recuperaram, segundo informa\u00e7\u00f5es das Secretarias Municipais de Sa\u00fade. Outros 4.480 casos investigados j\u00e1 foram descartados para Covid-19. Dos leitos de UTI para adultos ativados em todo o Estado, 62% est\u00e3o ocupados.&nbsp;<\/p>\n\n\n\n<p>Na Regi\u00e3o Metropolitana de Jo\u00e3o Pessoa, a taxa de ocupa\u00e7\u00e3o de UTI para adultos \u00e9 de 78%. O \u00cdndice de Isolamento social registrado pela Inloco no dia anterior \u00e9 de 43%.<\/p>\n\n\n\n<p>Os casos confirmados est\u00e3o em&nbsp; 128 munic\u00edpios paraibanos:<\/p>\n\n\n\n<p>Alagoa Grande (19); Alagoa Nova (2); Alagoinha (14); Alhandra (50); Amparo (1); Ara\u00e7agi (6); Arara (1); Areia (13); Areial (1); Aroeiras (5); Baia da Trai\u00e7\u00e3o (8); Bananeiras (8); Barra de Santana (4); Barra de S\u00e3o Miguel (1); Bayeux (83); Bel\u00e9m (7); Bom Jesus (1); Boqueir\u00e3o (2); Borborema (1);&nbsp; Brejo do Cruz (1); Caapor\u00e3 (104); Cabedelo (189); Cai\u00e7ara (8); Cajazeiras (29); Cajazeirinhas (1) Campina Grande (261); Capim (7);&nbsp; Casserengue (1); Catingueira (1); Concei\u00e7\u00e3o (1);&nbsp; Condado (20);&nbsp; Conde (32); Congo (10); Coremas (8); Coxixola (3); Cruz do Esp\u00edrito Santo (34); Cuit\u00e9 (1);&nbsp; Cuit\u00e9 de Mamanguape (1); Cuiteg\u00ed (5); Curral de Cima (1);&nbsp; Duas Estradas (1); Esperan\u00e7a (9); Gado Bravo (2);&nbsp; Guarabira (131); Gurinh\u00e9m (7); Igaracy (1); Imaculada (4); Ing\u00e1 (1); Itabaiana (22); Itaporanga (2); Itapororoca (18); Itatuba (4); Jacara\u00fa (2);&nbsp; Jo\u00e3o Pessoa (1478); Joca Claudino (1); Juarez T\u00e1vora (1); Juazeirinho (15);&nbsp; Junco do Serid\u00f3 (3); Juripiranga (17);&nbsp; Lagoa de Dentro (2); Lagoa Seca (8); Lucena (24); Malta (4); Mamanguape (15); Mari (42); Mariz\u00f3polis (4); Massaranduba (4); Mataraca (1); Matinhas (1); Matureia (1); Mogeiro (1);&nbsp; Monteiro (11); Mulungu (3); Natuba (1); Nova Floresta (1), Nova Olinda (1); Olho D\u00b4\u00c1gua (1); Patos (219); Pedras de Fogo (38); Pianc\u00f3 (5); Picu\u00ed (1); Pilar (15); Pil\u00f5es (1); Pil\u00f5ezinhos (9); Pirpirituba (6); Pitimbu (19); Pocinhos (1);&nbsp; Pombal (6); Princesa Isabel (3); Puxinan\u00e3 (1);&nbsp; Queimadas (17); Quixaba (1); Rem\u00edgio (15); Riach\u00e3o do Bacamarte (5);&nbsp; Riach\u00e3o do Po\u00e7o (1); Riacho dos Cavalos (2); Rio Tinto (15); Salgado de S\u00e3o Felix (4); Santa Helena (1); Santa Luzia (4); Santa Rita (288); Santa Terezinha (1); S\u00e3o Bento (11); S\u00e3o Jo\u00e3o do Rio do Peixe (6); S\u00e3o Jos\u00e9 de Espinharas (2); S\u00e3o Jos\u00e9 de Piranhas (3); S\u00e3o Jos\u00e9 do Bonfim (2); S\u00e3o Jos\u00e9 do Sabugi (4); S\u00e3o Jos\u00e9 dos Ramos (4); S\u00e3o Miguel de Taipu (7);&nbsp; S\u00e3o Sebasti\u00e3o de Lagoa de Ro\u00e7a (7); S\u00e3o Vicente do Serid\u00f3 (1); Sap\u00e9 (105); Serra Branca (2); Serra da Ra\u00edz (4); Serra Redonda (2); Serraria (1); Sert\u00e3ozinho (2); Sobrado (4); Sol\u00e2nea (8);&nbsp; Soledade (2); Sousa (63); Tacima (2); Tapero\u00e1 (19); Teixeira (1);&nbsp; Uira\u00fana (2); Umbuzeiro (7); Vista Serrana (1).<\/p>\n\n\n\n<p>10 \u00f3bitos foram confirmados nesta sexta:&nbsp;<\/p>\n\n\n\n<p>Mulher, idosa, 67 anos, portadora de diabetes, doen\u00e7a cardiovascular, doen\u00e7a renal cr\u00f4nica, residente em Jo\u00e3o Pessoa. Inicio dos sintomas 23\/04, interna em hospital p\u00fablico, veio a \u00f3bito no dia 14\/05.&nbsp;<\/p>\n\n\n\n<p>Homem, idoso, 69 anos, sem informa\u00e7\u00e3o de comorbidade, residente em Jo\u00e3o pessoa. Profissional da sa\u00fade, Inicio dos sintomas 28\/04, interno em hospital privado, veio a \u00f3bito no dia 14\/05.&nbsp;<\/p>\n\n\n\n<p>Homem, 42 anos, sem comorbidade,&nbsp; residente em Itatuba. In\u00edcio dos sintomas 04\/05, interno em hospital p\u00fablico, veio a \u00f3bito no dia 14\/05.<\/p>\n\n\n\n<p>Homem, 48 anos, diab\u00e9tico, residente em Jo\u00e3o Pessoa. In\u00edcio dos sintomas 29\/04, interno em hospital p\u00fablico, veio a \u00f3bito no dia 14\/05.<\/p>\n\n\n\n<p>Mulher, idosa, 88 anos, Hipertensa, residente em Pedra de Fogo. In\u00edcio dos sintomas 30\/04, interno em hospital p\u00fablico, veio a \u00f3bito no dia 14\/05.<\/p>\n\n\n\n<p>Homem, 37 anos, diab\u00e9tico, obeso, residente em Jo\u00e3o Pessoa. In\u00edcio dos sintomas 02\/05, interno em hospital p\u00fablico, veio a \u00f3bito no dia 15\/05.<\/p>\n\n\n\n<p>Lactente, 04 meses, com comorbidade, cardiopata, residente em Cuitegi. In\u00edcio dos sintomas 25\/04, interno em hospital p\u00fablico, veio a \u00f3bito no dia 14\/05.<\/p>\n\n\n\n<p>Homem, idoso, 80 anos, hipertenso, residente em Santa Rita. In\u00edcio dos sintomas 09\/05, interno em hospital p\u00fablico, veio a \u00f3bito no dia 13\/05.<\/p>\n\n\n\n<p>Mulher, 45 anos, com comorbidade, insufici\u00eancia renal, residente em Cruz do Esp\u00edrito Santo. In\u00edcio dos sintomas 26\/04, interno em hospital p\u00fablico, veio a \u00f3bito no dia 12\/05.<\/p>\n\n\n\n<p>Mulher, 40 anos, portadora de L\u00fapus, residente em S\u00e3o Sebasti\u00e3o de Lagoa da Ro\u00e7a. In\u00edcio dos sintomas 28\/04, interno em hospital p\u00fablico, veio a \u00f3bito no dia 14\/05.<\/p>\n","protected":false},"excerpt":{"rendered":"<p>A Secretaria de Estado da Sa\u00fade divulgou, no in\u00edcio da noite desta sexta-feira (15), um boletim informativo com os novos n\u00fameros do covid-19 na Para\u00edba.&nbsp;&hellip; <\/p>\n","protected":false},"author":2,"featured_media":169575,"comment_status":"closed","ping_status":"closed","sticky":false,"template":"","format":"standard","meta":{"sfsi_plus_gutenberg_text_before_share":"","sfsi_plus_gutenberg_show_text_before_share":"","sfsi_plus_gutenberg_icon_type":"","sfsi_plus_gutenberg_icon_alignemt":"","sfsi_plus_gutenburg_max_per_row":"","footnotes":""},"categories":[50,16],"tags":[],"class_list":["post-169811","post","type-post","status-publish","format-standard","has-post-thumbnail","hentry","category-destaque","category-saude"],"_links":{"self":[{"href":"https:\/\/www.caririemacao.com\/1\/wp-json\/wp\/v2\/posts\/169811","targetHints":{"allow":["GET"]}}],"collection":[{"href":"https:\/\/www.caririemacao.com\/1\/wp-json\/wp\/v2\/posts"}],"about":[{"href":"https:\/\/www.caririemacao.com\/1\/wp-json\/wp\/v2\/types\/post"}],"author":[{"embeddable":true,"href":"https:\/\/www.caririemacao.com\/1\/wp-json\/wp\/v2\/users\/2"}],"replies":[{"embeddable":true,"href":"https:\/\/www.caririemacao.com\/1\/wp-json\/wp\/v2\/comments?post=169811"}],"version-history":[{"count":1,"href":"https:\/\/www.caririemacao.com\/1\/wp-json\/wp\/v2\/posts\/169811\/revisions"}],"predecessor-version":[{"id":169812,"href":"https:\/\/www.caririemacao.com\/1\/wp-json\/wp\/v2\/posts\/169811\/revisions\/169812"}],"wp:featuredmedia":[{"embeddable":true,"href":"https:\/\/www.caririemacao.com\/1\/wp-json\/wp\/v2\/media\/169575"}],"wp:attachment":[{"href":"https:\/\/www.caririemacao.com\/1\/wp-json\/wp\/v2\/media?parent=169811"}],"wp:term":[{"taxonomy":"category","embeddable":true,"href":"https:\/\/www.caririemacao.com\/1\/wp-json\/wp\/v2\/categories?post=169811"},{"taxonomy":"post_tag","embeddable":true,"href":"https:\/\/www.caririemacao.com\/1\/wp-json\/wp\/v2\/tags?post=169811"}],"curies":[{"name":"wp","href":"https:\/\/api.w.org\/{rel}","templated":true}]}}