{"id":169813,"date":"2020-05-16T06:50:33","date_gmt":"2020-05-16T09:50:33","guid":{"rendered":"https:\/\/www.caririemacao.com\/1\/?p=169813"},"modified":"2020-05-16T06:50:33","modified_gmt":"2020-05-16T09:50:33","slug":"bolsonaro-fara-pronunciamento-para-pedir-volta-ao-trabalho","status":"publish","type":"post","link":"https:\/\/www.caririemacao.com\/1\/2020\/05\/16\/bolsonaro-fara-pronunciamento-para-pedir-volta-ao-trabalho\/","title":{"rendered":"Bolsonaro far\u00e1 pronunciamento para pedir volta ao trabalho"},"content":{"rendered":"\n<p>O presidente Jair Bolsonaro anunciou que far\u00e1 um novo pronunciamento oficial na noite deste s\u00e1bado (16\/5), e na mensagem a ser transmitida nas cadeias de r\u00e1dio e televis\u00e3o ele deve pregar a volta ao trabalho, mesmo em meio \u00e0 pandemia do novo coronav\u00edrus que j\u00e1 matou aproximadamente 14 mil pessoas no pa\u00eds.<\/p>\n\n\n\n<p>Durante videoconfer\u00eancia com empres\u00e1rios na manh\u00e3 de quinta-feira (14\/5), Bolsonaro confirmou que faria o pronunciamento. Na avalia\u00e7\u00e3o do mandat\u00e1rio brasileiro, a mensagem oficial \u00e9 necess\u00e1ria porque \u201cn\u00f3s temos que ter mais do que comercial de esperan\u00e7a, transmitir a confian\u00e7a&#8221;.<\/p>\n\n\n\n<p>O chefe do Pal\u00e1cio do Planalto comentou que o texto do discurso foi elaborado em conjunto com o ministro da Economia, Paulo Guedes. &#8220;Pedi ao Paulo Guedes que j\u00e1 comece a revisar o que eu vou falar para gente dar mensagem logicamente objetiva, voltada para a vida, voltada para a economia, para n\u00f3s sairmos da situa\u00e7\u00e3o em que nos encontramos&#8221;, disse Bolsonaro aos empers\u00e1rios.<\/p>\n\n\n\n<p>Na reuni\u00e3o virtual, promovida pelo presidente da Federa\u00e7\u00e3o das Ind\u00fastrias do Estado de S\u00e3o Paulo (Fiesp), Paulo Skaf, e que contou com a participa\u00e7\u00e3o de cerca de 50 empres\u00e1rios, Bolsonaro apelou ao setor para \u201cjogar pesado\u201d contra os governadores que t\u00eam adotado medidas de isolamento social mais r\u00edgidas para tentar conter a prolifera\u00e7\u00e3o da covid-19 no Brasil.<\/p>\n\n\n\n<p>Bolsonaro chegou a equiparar o momento do pa\u00eds a uma \u201cguerra\u201d e reclamou que governantes estejam \u201ctentando quebrar a economia, para atingir o governo\u201d. Enfaticamente, o presidente pregou que \u201cn\u00f3s devemos buscar cada vez mais r\u00e1pido abrir o mercado\u201d e voltou a defender que vida e desemprego s\u00e3o assuntos \u201cque deviam ser tratados da mesma forma, com a mesma responsabilidade\u201d.<\/p>\n","protected":false},"excerpt":{"rendered":"<p>O presidente Jair Bolsonaro anunciou que far\u00e1 um novo pronunciamento oficial na noite deste s\u00e1bado (16\/5), e na mensagem a ser transmitida nas cadeias de&hellip; <\/p>\n","protected":false},"author":2,"featured_media":169684,"comment_status":"closed","ping_status":"closed","sticky":false,"template":"","format":"standard","meta":{"sfsi_plus_gutenberg_text_before_share":"","sfsi_plus_gutenberg_show_text_before_share":"","sfsi_plus_gutenberg_icon_type":"","sfsi_plus_gutenberg_icon_alignemt":"","sfsi_plus_gutenburg_max_per_row":"","footnotes":""},"categories":[50,11],"tags":[],"class_list":["post-169813","post","type-post","status-publish","format-standard","has-post-thumbnail","hentry","category-destaque","category-politica"],"_links":{"self":[{"href":"https:\/\/www.caririemacao.com\/1\/wp-json\/wp\/v2\/posts\/169813","targetHints":{"allow":["GET"]}}],"collection":[{"href":"https:\/\/www.caririemacao.com\/1\/wp-json\/wp\/v2\/posts"}],"about":[{"href":"https:\/\/www.caririemacao.com\/1\/wp-json\/wp\/v2\/types\/post"}],"author":[{"embeddable":true,"href":"https:\/\/www.caririemacao.com\/1\/wp-json\/wp\/v2\/users\/2"}],"replies":[{"embeddable":true,"href":"https:\/\/www.caririemacao.com\/1\/wp-json\/wp\/v2\/comments?post=169813"}],"version-history":[{"count":1,"href":"https:\/\/www.caririemacao.com\/1\/wp-json\/wp\/v2\/posts\/169813\/revisions"}],"predecessor-version":[{"id":169814,"href":"https:\/\/www.caririemacao.com\/1\/wp-json\/wp\/v2\/posts\/169813\/revisions\/169814"}],"wp:featuredmedia":[{"embeddable":true,"href":"https:\/\/www.caririemacao.com\/1\/wp-json\/wp\/v2\/media\/169684"}],"wp:attachment":[{"href":"https:\/\/www.caririemacao.com\/1\/wp-json\/wp\/v2\/media?parent=169813"}],"wp:term":[{"taxonomy":"category","embeddable":true,"href":"https:\/\/www.caririemacao.com\/1\/wp-json\/wp\/v2\/categories?post=169813"},{"taxonomy":"post_tag","embeddable":true,"href":"https:\/\/www.caririemacao.com\/1\/wp-json\/wp\/v2\/tags?post=169813"}],"curies":[{"name":"wp","href":"https:\/\/api.w.org\/{rel}","templated":true}]}}