{"id":169820,"date":"2020-05-16T07:20:28","date_gmt":"2020-05-16T10:20:28","guid":{"rendered":"https:\/\/www.caririemacao.com\/1\/?p=169820"},"modified":"2020-05-16T07:20:28","modified_gmt":"2020-05-16T10:20:28","slug":"cruzeiro-de-roberto-carlos-e-adiado-para-2022-por-causa-da-pandemia","status":"publish","type":"post","link":"https:\/\/www.caririemacao.com\/1\/2020\/05\/16\/cruzeiro-de-roberto-carlos-e-adiado-para-2022-por-causa-da-pandemia\/","title":{"rendered":"Cruzeiro de Roberto Carlos \u00e9 adiado para 2022 por causa da pandemia"},"content":{"rendered":"\n<h1 class=\"wp-block-heading\"><\/h1>\n\n\n\n<p>Segundo a assessoria de imprensa de Roberto Carlos, o motivo \u00e9 a pandemia do novo coronav\u00edrus. Como n\u00e3o \u00e9 poss\u00edvel saber como a situa\u00e7\u00e3o estar\u00e1 at\u00e9 fevereiro de 2021, a decis\u00e3o de adiar agora foi a mais prudente para evitar cancelamentos mais perto do embarque no cruzeiro.<\/p>\n\n\n\n<p>Segundo a assessoria, os passageiros chegam de muitos lugares tanto do Brasil como do mundo, e a aglomera\u00e7\u00e3o seria inevit\u00e1vel. Por prud\u00eancia, portanto, foi tomada a medida de adiamento. Quem j\u00e1 comprou ter\u00e1 de esperar mais um tempo.<\/p>\n\n\n\n<p>Por\u00e9m, o projeto Emo\u00e7\u00f5es na Praia do Forte (BA), apresenta\u00e7\u00e3o similar \u00e0 que ocorre no cruzeiro, segue marcado para o segundo semestre de 2021. Este, em terra firme.<\/p>\n\n\n\n<p><strong>HIST\u00d3RICO<\/strong><\/p>\n\n\n\n<p>Desde 2005, Roberto Carlos sai em um cruzeiro de cinco dias lotado de f\u00e3s e canta seus grandes sucessos em um supernavio que singra pela costa brasileira. Em fevereiro de 2020, aconteceu a 16\u00aa edi\u00e7\u00e3o desse projeto, chamado Emo\u00e7\u00f5es em Alto Mar, e veja bem, bicho: foi mesmo um mar de altas emo\u00e7\u00f5es ter feito parte do grupo de cerca de 70 jornalistas que subiu a bordo no dia 16.<\/p>\n\n\n\n<p>Houve uma inesperada trombada do nosso barquinho ao chegar no navio, vaias \u00e9picas na entrevista coletiva e um show de primeira com o rei desfiando um repert\u00f3rio excelente. Tudo isso no barco MSC Fantasia, com capacidade para 4.300 pessoas e ancorado a cerca de 500 metros da costa de B\u00fazios.<\/p>\n\n\n\n<p>Pouco antes das 23h, Roberto iniciou o segundo show dos tr\u00eas que faria na viagem. Como o teatro n\u00e3o comporta todos os passageiros, eles s\u00e3o divididos em tr\u00eas grupos. A apresenta\u00e7\u00e3o foi excelente. \u00c9 um teatro mais intimista do que os est\u00e1dios ou casas de shows em que canta normalmente. Isso traz uma proximidade muito grande do p\u00fablico com seu rei.<\/p>\n\n\n\n<p>At\u00e9 demais: dos camarotes superiores pr\u00f3ximos ao palco, era poss\u00edvel ver a tela, como a de uma TV, que ficava aos seus p\u00e9s com as letras das can\u00e7\u00f5es. Piadinhas, cacos e intera\u00e7\u00f5es com o p\u00fablico tamb\u00e9m estavam todas l\u00e1, previamente redigidas.<\/p>\n","protected":false},"excerpt":{"rendered":"<p>Segundo a assessoria de imprensa de Roberto Carlos, o motivo \u00e9 a pandemia do novo coronav\u00edrus. Como n\u00e3o \u00e9 poss\u00edvel saber como a situa\u00e7\u00e3o estar\u00e1&hellip; <\/p>\n","protected":false},"author":2,"featured_media":169821,"comment_status":"closed","ping_status":"closed","sticky":false,"template":"","format":"standard","meta":{"sfsi_plus_gutenberg_text_before_share":"","sfsi_plus_gutenberg_show_text_before_share":"","sfsi_plus_gutenberg_icon_type":"","sfsi_plus_gutenberg_icon_alignemt":"","sfsi_plus_gutenburg_max_per_row":"","footnotes":""},"categories":[2],"tags":[],"class_list":["post-169820","post","type-post","status-publish","format-standard","has-post-thumbnail","hentry","category-geral"],"_links":{"self":[{"href":"https:\/\/www.caririemacao.com\/1\/wp-json\/wp\/v2\/posts\/169820","targetHints":{"allow":["GET"]}}],"collection":[{"href":"https:\/\/www.caririemacao.com\/1\/wp-json\/wp\/v2\/posts"}],"about":[{"href":"https:\/\/www.caririemacao.com\/1\/wp-json\/wp\/v2\/types\/post"}],"author":[{"embeddable":true,"href":"https:\/\/www.caririemacao.com\/1\/wp-json\/wp\/v2\/users\/2"}],"replies":[{"embeddable":true,"href":"https:\/\/www.caririemacao.com\/1\/wp-json\/wp\/v2\/comments?post=169820"}],"version-history":[{"count":1,"href":"https:\/\/www.caririemacao.com\/1\/wp-json\/wp\/v2\/posts\/169820\/revisions"}],"predecessor-version":[{"id":169822,"href":"https:\/\/www.caririemacao.com\/1\/wp-json\/wp\/v2\/posts\/169820\/revisions\/169822"}],"wp:featuredmedia":[{"embeddable":true,"href":"https:\/\/www.caririemacao.com\/1\/wp-json\/wp\/v2\/media\/169821"}],"wp:attachment":[{"href":"https:\/\/www.caririemacao.com\/1\/wp-json\/wp\/v2\/media?parent=169820"}],"wp:term":[{"taxonomy":"category","embeddable":true,"href":"https:\/\/www.caririemacao.com\/1\/wp-json\/wp\/v2\/categories?post=169820"},{"taxonomy":"post_tag","embeddable":true,"href":"https:\/\/www.caririemacao.com\/1\/wp-json\/wp\/v2\/tags?post=169820"}],"curies":[{"name":"wp","href":"https:\/\/api.w.org\/{rel}","templated":true}]}}