{"id":169824,"date":"2020-05-16T07:25:05","date_gmt":"2020-05-16T10:25:05","guid":{"rendered":"https:\/\/www.caririemacao.com\/1\/?p=169824"},"modified":"2020-05-16T07:25:05","modified_gmt":"2020-05-16T10:25:05","slug":"paraiba-tem-queda-de-r-255-milhoes-na-arrecadacao-de-ipva-icms-e-itcd-na-comparacao-dos-meses-de-abril-e-maio","status":"publish","type":"post","link":"https:\/\/www.caririemacao.com\/1\/2020\/05\/16\/paraiba-tem-queda-de-r-255-milhoes-na-arrecadacao-de-ipva-icms-e-itcd-na-comparacao-dos-meses-de-abril-e-maio\/","title":{"rendered":"Para\u00edba tem queda de R$ 25,5 milh\u00f5es na arrecada\u00e7\u00e3o de IPVA, ICMS e ITCD na compara\u00e7\u00e3o dos meses de abril e maio"},"content":{"rendered":"\n<h1 class=\"wp-block-heading\"><\/h1>\n\n\n\n<p>A Para\u00edba teve queda de 22,43% na arrecada\u00e7\u00e3o de IPVA, ICMS, e ITCD entre maio e o m\u00eas passado. Foram avaliados os per\u00edodos de 1\u00ba a 11 de abril e de maio. Isso representa baixa de R$ 25,5 milh\u00f5es na arrecada\u00e7\u00e3o do Imposto sobre a Propriedade de Ve\u00edculos Automotores, Imposto sobre Circula\u00e7\u00e3o de Mercadorias e Servi\u00e7os e Imposto sobre a Transmiss\u00e3o Causa Mortis e Doa\u00e7\u00e3o.<\/p>\n\n\n\n<p>J\u00e1 na compara\u00e7\u00e3o entre e o 1\u00ba e 11 dia dos meses de maio de 2019 (R$ 137,7 milh\u00f5es) e maio de 2020 (R$ 88,1 milh\u00f5es), a queda foi de 36,03% na arrecada\u00e7\u00e3o de IPVA, ITCD e ICMS. Uma redu\u00e7\u00e3o de R$ 49,6 milh\u00f5es em 2020 comparado com o per\u00edodo do ano passado.<\/p>\n\n\n\n<p>Os dados constam na terceira edi\u00e7\u00e3o do &#8216;Boletim da SEFAZ-PB dos Impactos da Covid-19&#8217;, o informativo que \u00e9 uma publica\u00e7\u00e3o semanal de acompanhamento e de avalia\u00e7\u00e3o das arrecada\u00e7\u00f5es, divulgado pela Secretaria de Estado da Fazenda (SEFAZ-PB), nesta sexta-feira (15). O boletim \u00e9 um informativo com dados, gr\u00e1ficos e an\u00e1lise da arrecada\u00e7\u00e3o dos impostos estaduais e da emiss\u00e3o dos documentos fiscais eletr\u00f4nicos do Estado da Para\u00edba.<\/p>\n\n\n\n<p>A nova edi\u00e7\u00e3o avalia a arrecada\u00e7\u00e3o dos tr\u00eas impostos estaduais (ICMS, IPVA e ITCD); a quantidade e dos valores dos documentos fiscais \u2013 Nota Fiscal Eletr\u00f4nica (NF-e) e a Nota Fiscal Eletr\u00f4nica ao Consumidor (NFC-e) \u2013&nbsp; ainda parcial do m\u00eas de maio (at\u00e9 o dia 11) na compara\u00e7\u00e3o sobre igual per\u00edodo do ano passado e tamb\u00e9m de maio sobre o m\u00eas de abril deste ano. A novidade desta 3\u00aa edi\u00e7\u00e3o do Boletim \u00e9 a inclus\u00e3o do desempenho de segmentos por CNAE de notas fiscais de 11 setores\/segmentos.<\/p>\n\n\n\n<p>Os temas abordados nas 13 p\u00e1ginas da terceira edi\u00e7\u00e3o foram: o balan\u00e7o parcial da arrecada\u00e7\u00e3o do m\u00eas de maio de 2020 (de 1\u00ba a 11) e a participa\u00e7\u00e3o de cada um dos tr\u00eas impostos estaduais (ICMS, IPVA e ITCD); o comportamento por setor\/segmento do ICMS no m\u00eas de maio (parcial); a varia\u00e7\u00e3o dos valores e da quantidade de emiss\u00f5es das notas fiscais e por segmento em maio de 2020 (de 1\u00ba a 11); o desempenho da arrecada\u00e7\u00e3o do ICMS nas cinco Ger\u00eancias Regionais da SEFAZ-PB em maio de 2020, sempre na compara\u00e7\u00e3o sobre igual per\u00edodo do ano anterior, al\u00e9m da novidade que \u00e9 o desempenho de segmentos por CNAE de notas fiscais de 11 setores\/segmentos.<\/p>\n\n\n\n<p>O Boletim de maio encerra com as novas expectativas dos Indicadores Macroecon\u00f4micos (IPCA; PIB; Taxa Selic; e Taxa de c\u00e2mbio) para o ano de 2020, publicado, semanalmente, pelo Boletim Focus do Banco Central do Brasil. Nessa \u00faltima semana, houve piora entre os indicadores o da expectativa do PIB: uma eleva\u00e7\u00e3o de retra\u00e7\u00e3o do PIB de 4,11% para este ano.<\/p>\n\n\n\n<p>\u00c9 uma publica\u00e7\u00e3o semanal da SEFAZ, que envolve os servi\u00e7os dos setores da Ger\u00eancia Operacional de Informa\u00e7\u00f5es Econ\u00f4mico-Fiscais (GOIEF), Ger\u00eancia Executiva de Arrecada\u00e7\u00e3o e de Informa\u00e7\u00f5es Fiscais (GEAIF), Ger\u00eancia de Planejamento (GPLAN), Ger\u00eancia de Tecnologia da Informa\u00e7\u00e3o (GTI), Escola de Administra\u00e7\u00e3o Tribut\u00e1ria (ESAT) e Assessoria de Imprensa.<\/p>\n","protected":false},"excerpt":{"rendered":"<p>A Para\u00edba teve queda de 22,43% na arrecada\u00e7\u00e3o de IPVA, ICMS, e ITCD entre maio e o m\u00eas passado. Foram avaliados os per\u00edodos de 1\u00ba&hellip; <\/p>\n","protected":false},"author":2,"featured_media":169825,"comment_status":"closed","ping_status":"closed","sticky":false,"template":"","format":"standard","meta":{"sfsi_plus_gutenberg_text_before_share":"","sfsi_plus_gutenberg_show_text_before_share":"","sfsi_plus_gutenberg_icon_type":"","sfsi_plus_gutenberg_icon_alignemt":"","sfsi_plus_gutenburg_max_per_row":"","footnotes":""},"categories":[2],"tags":[],"class_list":["post-169824","post","type-post","status-publish","format-standard","has-post-thumbnail","hentry","category-geral"],"_links":{"self":[{"href":"https:\/\/www.caririemacao.com\/1\/wp-json\/wp\/v2\/posts\/169824","targetHints":{"allow":["GET"]}}],"collection":[{"href":"https:\/\/www.caririemacao.com\/1\/wp-json\/wp\/v2\/posts"}],"about":[{"href":"https:\/\/www.caririemacao.com\/1\/wp-json\/wp\/v2\/types\/post"}],"author":[{"embeddable":true,"href":"https:\/\/www.caririemacao.com\/1\/wp-json\/wp\/v2\/users\/2"}],"replies":[{"embeddable":true,"href":"https:\/\/www.caririemacao.com\/1\/wp-json\/wp\/v2\/comments?post=169824"}],"version-history":[{"count":1,"href":"https:\/\/www.caririemacao.com\/1\/wp-json\/wp\/v2\/posts\/169824\/revisions"}],"predecessor-version":[{"id":169826,"href":"https:\/\/www.caririemacao.com\/1\/wp-json\/wp\/v2\/posts\/169824\/revisions\/169826"}],"wp:featuredmedia":[{"embeddable":true,"href":"https:\/\/www.caririemacao.com\/1\/wp-json\/wp\/v2\/media\/169825"}],"wp:attachment":[{"href":"https:\/\/www.caririemacao.com\/1\/wp-json\/wp\/v2\/media?parent=169824"}],"wp:term":[{"taxonomy":"category","embeddable":true,"href":"https:\/\/www.caririemacao.com\/1\/wp-json\/wp\/v2\/categories?post=169824"},{"taxonomy":"post_tag","embeddable":true,"href":"https:\/\/www.caririemacao.com\/1\/wp-json\/wp\/v2\/tags?post=169824"}],"curies":[{"name":"wp","href":"https:\/\/api.w.org\/{rel}","templated":true}]}}