{"id":169828,"date":"2020-05-16T07:27:14","date_gmt":"2020-05-16T10:27:14","guid":{"rendered":"https:\/\/www.caririemacao.com\/1\/?p=169828"},"modified":"2020-05-16T07:27:14","modified_gmt":"2020-05-16T10:27:14","slug":"preso-%e2%80%8bhomem-acusado-de-ter-matado-jovem-dentro-de-supermercado-em-esperanca","status":"publish","type":"post","link":"https:\/\/www.caririemacao.com\/1\/2020\/05\/16\/preso-%e2%80%8bhomem-acusado-de-ter-matado-jovem-dentro-de-supermercado-em-esperanca\/","title":{"rendered":"Preso \u200bhomem acusado de ter matado jovem dentro de supermercado em Esperan\u00e7a"},"content":{"rendered":"\n<h1 class=\"wp-block-heading\"><\/h1>\n\n\n\n<p>Um homem condenado pela Justi\u00e7a por&nbsp; matar&nbsp;o filho de um dono de supermercado, na cidade de Esperan\u00e7a, no interior da Para\u00edba&nbsp;em 2002 foi preso nesta sexta-feira (15) na pr\u00f3pria cidade.&nbsp;Segundo o delegado Cristiano Santana, o&nbsp;preso de 44 anos foi considerado culpado no crime de&nbsp; latroc\u00ednio (roubo seguido de morte) que vitimou o jovem.&nbsp;&nbsp;<\/p>\n\n\n\n<p>A v\u00edtima morreu ap\u00f3s ser atingida por disparos de arma de fogo. O jovem estava no interior do supermercado do pai, quando o local foi invadido.<\/p>\n\n\n\n<p>O homem apontado pela Justi\u00e7a como autor do crime&nbsp;foi localizado no bairro de Bela Vista, em&nbsp; Esperan\u00e7a, por equipes do Grupo T\u00e1tico Especial da Delegacia Seccional da cidade.&nbsp;<\/p>\n\n\n\n<p>Ele ser\u00e1 apresentado ao Poder Judici\u00e1rio e, em seguida, encaminhado a uma unidade prisional determinada pela Justi\u00e7a.<\/p>\n","protected":false},"excerpt":{"rendered":"<p>Um homem condenado pela Justi\u00e7a por&nbsp; matar&nbsp;o filho de um dono de supermercado, na cidade de Esperan\u00e7a, no interior da Para\u00edba&nbsp;em 2002 foi preso nesta&hellip; <\/p>\n","protected":false},"author":2,"featured_media":169829,"comment_status":"closed","ping_status":"closed","sticky":false,"template":"","format":"standard","meta":{"sfsi_plus_gutenberg_text_before_share":"","sfsi_plus_gutenberg_show_text_before_share":"","sfsi_plus_gutenberg_icon_type":"","sfsi_plus_gutenberg_icon_alignemt":"","sfsi_plus_gutenburg_max_per_row":"","footnotes":""},"categories":[12],"tags":[],"class_list":["post-169828","post","type-post","status-publish","format-standard","has-post-thumbnail","hentry","category-policia"],"_links":{"self":[{"href":"https:\/\/www.caririemacao.com\/1\/wp-json\/wp\/v2\/posts\/169828","targetHints":{"allow":["GET"]}}],"collection":[{"href":"https:\/\/www.caririemacao.com\/1\/wp-json\/wp\/v2\/posts"}],"about":[{"href":"https:\/\/www.caririemacao.com\/1\/wp-json\/wp\/v2\/types\/post"}],"author":[{"embeddable":true,"href":"https:\/\/www.caririemacao.com\/1\/wp-json\/wp\/v2\/users\/2"}],"replies":[{"embeddable":true,"href":"https:\/\/www.caririemacao.com\/1\/wp-json\/wp\/v2\/comments?post=169828"}],"version-history":[{"count":1,"href":"https:\/\/www.caririemacao.com\/1\/wp-json\/wp\/v2\/posts\/169828\/revisions"}],"predecessor-version":[{"id":169830,"href":"https:\/\/www.caririemacao.com\/1\/wp-json\/wp\/v2\/posts\/169828\/revisions\/169830"}],"wp:featuredmedia":[{"embeddable":true,"href":"https:\/\/www.caririemacao.com\/1\/wp-json\/wp\/v2\/media\/169829"}],"wp:attachment":[{"href":"https:\/\/www.caririemacao.com\/1\/wp-json\/wp\/v2\/media?parent=169828"}],"wp:term":[{"taxonomy":"category","embeddable":true,"href":"https:\/\/www.caririemacao.com\/1\/wp-json\/wp\/v2\/categories?post=169828"},{"taxonomy":"post_tag","embeddable":true,"href":"https:\/\/www.caririemacao.com\/1\/wp-json\/wp\/v2\/tags?post=169828"}],"curies":[{"name":"wp","href":"https:\/\/api.w.org\/{rel}","templated":true}]}}