{"id":169832,"date":"2020-05-16T07:34:53","date_gmt":"2020-05-16T10:34:53","guid":{"rendered":"https:\/\/www.caririemacao.com\/1\/?p=169832"},"modified":"2020-05-16T07:34:53","modified_gmt":"2020-05-16T10:34:53","slug":"joao-azevedo-lamenta-mais-um-vacuo-na-saude-publica-do-pais-onde-iremos-parar-diz","status":"publish","type":"post","link":"https:\/\/www.caririemacao.com\/1\/2020\/05\/16\/joao-azevedo-lamenta-mais-um-vacuo-na-saude-publica-do-pais-onde-iremos-parar-diz\/","title":{"rendered":"Jo\u00e3o Azev\u00eado lamenta mais um v\u00e1cuo na sa\u00fade p\u00fablica do pa\u00eds; \u201conde iremos parar?\u201d, diz"},"content":{"rendered":"\n<h3 class=\"wp-block-heading\"><\/h3>\n\n\n\n<hr class=\"wp-block-separator\"\/>\n\n\n\n<p>O governador da Para\u00edba, Jo\u00e3o Azev\u00eado (Cidadania) se manifestou&nbsp;<a href=\"https:\/\/wscom.com.br\/teich-deixa-o-ministerio-da-saude-antes-de-completar-um-mes-no-cargo\/\" target=\"_blank\" rel=\"noreferrer noopener\">sobre a sa\u00edda do ministro da Sa\u00fade, Nelson Teich,<\/a>&nbsp;por meio de suas redes sociais, nesta sexta-feira (15), logo ap\u00f3s a divulga\u00e7\u00e3o do pedido de demiss\u00e3o do auxiliar do presidente da Rep\u00fablica, Jair Bolsonaro (sem partido). Pelo Twitter, Azev\u00eado lamentou mais um v\u00e1cuo aberto na sa\u00fade p\u00fablica, neste momento de pandemia do coronav\u00edrus.<\/p>\n\n\n\n<p>\u201cInfelizmente um m\u00eas sem avan\u00e7armos e agora mais um v\u00e1cuo que ser\u00e1 criado na Gest\u00e3o da Sa\u00fade do pa\u00eds, no pior momento da Crise Sanit\u00e1ria vivida pelo Brasil. Onde iremos parar?\u201d, escreveu Jo\u00e3o Azev\u00eado <a href=\"https:\/\/twitter.com\/joaoazevedolins\/status\/1261323741763645442\"><\/a><\/p>\n\n\n\n<p>O ministro da Sa\u00fade, Nelson Teich, deixou o cargo nesta sexta-feira (15), antes de completar um m\u00eas \u00e0 frente da pasta. Em nota, a pasta informou que foi o executivo quem pediu demiss\u00e3o.<\/p>\n\n\n\n<p>Teich tomou posse em 17 de abril. Essa \u00e9 a segunda sa\u00edda de um ministro da Sa\u00fade em meio \u00e0 pandemia do coronav\u00edrus. Teich havia substitu\u00eddo Luiz Henrique Mandetta.<\/p>\n","protected":false},"excerpt":{"rendered":"<p>O governador da Para\u00edba, Jo\u00e3o Azev\u00eado (Cidadania) se manifestou&nbsp;sobre a sa\u00edda do ministro da Sa\u00fade, Nelson Teich,&nbsp;por meio de suas redes sociais, nesta sexta-feira (15),&hellip; <\/p>\n","protected":false},"author":2,"featured_media":168885,"comment_status":"closed","ping_status":"closed","sticky":false,"template":"","format":"standard","meta":{"sfsi_plus_gutenberg_text_before_share":"","sfsi_plus_gutenberg_show_text_before_share":"","sfsi_plus_gutenberg_icon_type":"","sfsi_plus_gutenberg_icon_alignemt":"","sfsi_plus_gutenburg_max_per_row":"","footnotes":""},"categories":[11],"tags":[],"class_list":["post-169832","post","type-post","status-publish","format-standard","has-post-thumbnail","hentry","category-politica"],"_links":{"self":[{"href":"https:\/\/www.caririemacao.com\/1\/wp-json\/wp\/v2\/posts\/169832","targetHints":{"allow":["GET"]}}],"collection":[{"href":"https:\/\/www.caririemacao.com\/1\/wp-json\/wp\/v2\/posts"}],"about":[{"href":"https:\/\/www.caririemacao.com\/1\/wp-json\/wp\/v2\/types\/post"}],"author":[{"embeddable":true,"href":"https:\/\/www.caririemacao.com\/1\/wp-json\/wp\/v2\/users\/2"}],"replies":[{"embeddable":true,"href":"https:\/\/www.caririemacao.com\/1\/wp-json\/wp\/v2\/comments?post=169832"}],"version-history":[{"count":1,"href":"https:\/\/www.caririemacao.com\/1\/wp-json\/wp\/v2\/posts\/169832\/revisions"}],"predecessor-version":[{"id":169833,"href":"https:\/\/www.caririemacao.com\/1\/wp-json\/wp\/v2\/posts\/169832\/revisions\/169833"}],"wp:featuredmedia":[{"embeddable":true,"href":"https:\/\/www.caririemacao.com\/1\/wp-json\/wp\/v2\/media\/168885"}],"wp:attachment":[{"href":"https:\/\/www.caririemacao.com\/1\/wp-json\/wp\/v2\/media?parent=169832"}],"wp:term":[{"taxonomy":"category","embeddable":true,"href":"https:\/\/www.caririemacao.com\/1\/wp-json\/wp\/v2\/categories?post=169832"},{"taxonomy":"post_tag","embeddable":true,"href":"https:\/\/www.caririemacao.com\/1\/wp-json\/wp\/v2\/tags?post=169832"}],"curies":[{"name":"wp","href":"https:\/\/api.w.org\/{rel}","templated":true}]}}