{"id":169837,"date":"2020-05-16T07:40:11","date_gmt":"2020-05-16T10:40:11","guid":{"rendered":"https:\/\/www.caririemacao.com\/1\/?p=169837"},"modified":"2020-05-16T07:40:11","modified_gmt":"2020-05-16T10:40:11","slug":"bolsonaro-manda-general-assinar-decreto-para-liberar-cloroquina-a-todos-com-covid-19-no-pais","status":"publish","type":"post","link":"https:\/\/www.caririemacao.com\/1\/2020\/05\/16\/bolsonaro-manda-general-assinar-decreto-para-liberar-cloroquina-a-todos-com-covid-19-no-pais\/","title":{"rendered":"Bolsonaro manda general assinar decreto para liberar Cloroquina a todos com Covid-19 no pa\u00eds"},"content":{"rendered":"\n<h3 class=\"wp-block-heading\"><\/h3>\n\n\n\n<hr class=\"wp-block-separator\"\/>\n\n\n\n<p>O general Eduardo Pazuello assume o Minist\u00e9rio da Sa\u00fade, ap\u00f3s a demiss\u00e3o do ex-ministro Nelson Teich, j\u00e1 com a determina\u00e7\u00e3o por parte de&nbsp;<strong>Bolsonaro<\/strong>&nbsp;para que libere o uso da&nbsp;<a href=\"https:\/\/wscom.com.br\/nelson-teich-nao-vou-manchar-minha-historia-por-causa-da-cloroquina\/\" target=\"_blank\" rel=\"noreferrer noopener\"><strong>cloroquina<\/strong>&nbsp;<\/a>para todos os pacientes com Covid-19 no Brasil, informa o jornal Estado de S. Paulo.<\/p>\n\n\n\n<p>A recomenda\u00e7\u00e3o atual \u00e9 para que a cloroquina seja administrada apenas em pacientes que apresentem casos mais graves de Covid-19.<\/p>\n\n\n\n<p>T\u00e9cnicos do Minist\u00e9rio da Sa\u00fade afirmam que as regras para o protocolo do uso da cloroquina seja divulgado na pr\u00f3xima semana.<\/p>\n\n\n\n<p>A cloroquina foi o piv\u00f4 da demiss\u00e3o de Teich, que se recusou a modific<\/p>\n","protected":false},"excerpt":{"rendered":"<p>O general Eduardo Pazuello assume o Minist\u00e9rio da Sa\u00fade, ap\u00f3s a demiss\u00e3o do ex-ministro Nelson Teich, j\u00e1 com a determina\u00e7\u00e3o por parte de&nbsp;Bolsonaro&nbsp;para que libere&hellip; <\/p>\n","protected":false},"author":2,"featured_media":169838,"comment_status":"closed","ping_status":"closed","sticky":false,"template":"","format":"standard","meta":{"sfsi_plus_gutenberg_text_before_share":"","sfsi_plus_gutenberg_show_text_before_share":"","sfsi_plus_gutenberg_icon_type":"","sfsi_plus_gutenberg_icon_alignemt":"","sfsi_plus_gutenburg_max_per_row":"","footnotes":""},"categories":[2],"tags":[],"class_list":["post-169837","post","type-post","status-publish","format-standard","has-post-thumbnail","hentry","category-geral"],"_links":{"self":[{"href":"https:\/\/www.caririemacao.com\/1\/wp-json\/wp\/v2\/posts\/169837","targetHints":{"allow":["GET"]}}],"collection":[{"href":"https:\/\/www.caririemacao.com\/1\/wp-json\/wp\/v2\/posts"}],"about":[{"href":"https:\/\/www.caririemacao.com\/1\/wp-json\/wp\/v2\/types\/post"}],"author":[{"embeddable":true,"href":"https:\/\/www.caririemacao.com\/1\/wp-json\/wp\/v2\/users\/2"}],"replies":[{"embeddable":true,"href":"https:\/\/www.caririemacao.com\/1\/wp-json\/wp\/v2\/comments?post=169837"}],"version-history":[{"count":1,"href":"https:\/\/www.caririemacao.com\/1\/wp-json\/wp\/v2\/posts\/169837\/revisions"}],"predecessor-version":[{"id":169839,"href":"https:\/\/www.caririemacao.com\/1\/wp-json\/wp\/v2\/posts\/169837\/revisions\/169839"}],"wp:featuredmedia":[{"embeddable":true,"href":"https:\/\/www.caririemacao.com\/1\/wp-json\/wp\/v2\/media\/169838"}],"wp:attachment":[{"href":"https:\/\/www.caririemacao.com\/1\/wp-json\/wp\/v2\/media?parent=169837"}],"wp:term":[{"taxonomy":"category","embeddable":true,"href":"https:\/\/www.caririemacao.com\/1\/wp-json\/wp\/v2\/categories?post=169837"},{"taxonomy":"post_tag","embeddable":true,"href":"https:\/\/www.caririemacao.com\/1\/wp-json\/wp\/v2\/tags?post=169837"}],"curies":[{"name":"wp","href":"https:\/\/api.w.org\/{rel}","templated":true}]}}