{"id":169846,"date":"2020-05-16T07:50:08","date_gmt":"2020-05-16T10:50:08","guid":{"rendered":"https:\/\/www.caririemacao.com\/1\/?p=169846"},"modified":"2020-05-16T07:50:08","modified_gmt":"2020-05-16T10:50:08","slug":"empresarios-monteirenses-doam-mil-mascaras-de-protecao-a-prefeitura-de-monteiro","status":"publish","type":"post","link":"https:\/\/www.caririemacao.com\/1\/2020\/05\/16\/empresarios-monteirenses-doam-mil-mascaras-de-protecao-a-prefeitura-de-monteiro\/","title":{"rendered":"Empres\u00e1rios monteirenses doam mil m\u00e1scaras de prote\u00e7\u00e3o a Prefeitura de Monteiro"},"content":{"rendered":"\n<h1 class=\"wp-block-heading\"><\/h1>\n\n\n\n<hr class=\"wp-block-separator\"\/>\n\n\n\n<p>O per\u00edodo de pandemia que vem acometendo o pa\u00eds, diversos artistas t\u00eam realizado lives em redes sociais com a inten\u00e7\u00e3o de arrecadar doa\u00e7\u00f5es em prol de fam\u00edlias e institui\u00e7\u00f5es que ajudam a popula\u00e7\u00e3o e no \u00faltimo dia 30 de abril durante a live da banda Calcinha Preta, uma empresa monteirense realizou uma doa\u00e7\u00e3o destinada a Prefeitura de Monteiro.<\/p>\n\n\n\n<p>O casal de empres\u00e1rios, Pedrinho e Aline Martins, doaram em nome &nbsp;da Bia + mil m\u00e1scaras de prote\u00e7\u00e3o para a popula\u00e7\u00e3o atrav\u00e9s da Prefeitura de Monteiro.<\/p>\n\n\n\n<p>A popula\u00e7\u00e3o de Monteiro j\u00e1 foi beneficiada com doa\u00e7\u00f5es vindas de empresas, institui\u00e7\u00f5es acad\u00eamicas, entidades p\u00fablicas e Justi\u00e7a.<\/p>\n","protected":false},"excerpt":{"rendered":"<p>O per\u00edodo de pandemia que vem acometendo o pa\u00eds, diversos artistas t\u00eam realizado lives em redes sociais com a inten\u00e7\u00e3o de arrecadar doa\u00e7\u00f5es em prol&hellip; <\/p>\n","protected":false},"author":2,"featured_media":169847,"comment_status":"closed","ping_status":"closed","sticky":false,"template":"","format":"standard","meta":{"sfsi_plus_gutenberg_text_before_share":"","sfsi_plus_gutenberg_show_text_before_share":"","sfsi_plus_gutenberg_icon_type":"","sfsi_plus_gutenberg_icon_alignemt":"","sfsi_plus_gutenburg_max_per_row":"","footnotes":""},"categories":[2],"tags":[],"class_list":["post-169846","post","type-post","status-publish","format-standard","has-post-thumbnail","hentry","category-geral"],"_links":{"self":[{"href":"https:\/\/www.caririemacao.com\/1\/wp-json\/wp\/v2\/posts\/169846","targetHints":{"allow":["GET"]}}],"collection":[{"href":"https:\/\/www.caririemacao.com\/1\/wp-json\/wp\/v2\/posts"}],"about":[{"href":"https:\/\/www.caririemacao.com\/1\/wp-json\/wp\/v2\/types\/post"}],"author":[{"embeddable":true,"href":"https:\/\/www.caririemacao.com\/1\/wp-json\/wp\/v2\/users\/2"}],"replies":[{"embeddable":true,"href":"https:\/\/www.caririemacao.com\/1\/wp-json\/wp\/v2\/comments?post=169846"}],"version-history":[{"count":1,"href":"https:\/\/www.caririemacao.com\/1\/wp-json\/wp\/v2\/posts\/169846\/revisions"}],"predecessor-version":[{"id":169848,"href":"https:\/\/www.caririemacao.com\/1\/wp-json\/wp\/v2\/posts\/169846\/revisions\/169848"}],"wp:featuredmedia":[{"embeddable":true,"href":"https:\/\/www.caririemacao.com\/1\/wp-json\/wp\/v2\/media\/169847"}],"wp:attachment":[{"href":"https:\/\/www.caririemacao.com\/1\/wp-json\/wp\/v2\/media?parent=169846"}],"wp:term":[{"taxonomy":"category","embeddable":true,"href":"https:\/\/www.caririemacao.com\/1\/wp-json\/wp\/v2\/categories?post=169846"},{"taxonomy":"post_tag","embeddable":true,"href":"https:\/\/www.caririemacao.com\/1\/wp-json\/wp\/v2\/tags?post=169846"}],"curies":[{"name":"wp","href":"https:\/\/api.w.org\/{rel}","templated":true}]}}