{"id":169850,"date":"2020-05-16T08:01:27","date_gmt":"2020-05-16T11:01:27","guid":{"rendered":"https:\/\/www.caririemacao.com\/1\/?p=169850"},"modified":"2020-05-16T08:01:27","modified_gmt":"2020-05-16T11:01:27","slug":"teich-diz-que-deixa-pronto-plano-de-trabalho-para-auxiliar-estados","status":"publish","type":"post","link":"https:\/\/www.caririemacao.com\/1\/2020\/05\/16\/teich-diz-que-deixa-pronto-plano-de-trabalho-para-auxiliar-estados\/","title":{"rendered":"Teich diz que deixa pronto plano de trabalho para auxiliar estados"},"content":{"rendered":"\n<h2 class=\"wp-block-heading\"><\/h2>\n\n\n\n<p>O m\u00e9dico Nelson Teich, que&nbsp;<a href=\"https:\/\/agenciabrasil.ebc.com.br\/politica\/noticia\/2020-05\/nelson-teich-pede-demissao-do-ministerio-da-saude\" target=\"_blank\" rel=\"noreferrer noopener\">deixou o cargo de ministro da Sa\u00fade<\/a>&nbsp;hoje&nbsp;(15), fez um pronunciamento de despedida, no qual fez um balan\u00e7o da sua curta atua\u00e7\u00e3o \u00e0 frente da pasta. Ele assumiu h\u00e1 cerca de um m\u00eas, no lugar de Luiz Henrique Mandetta. O substituto ainda n\u00e3o foi anunciado pelo governo federal.<\/p>\n\n\n\n<p>Teich disse que escolheu sair, que \u201cdeu o melhor\u201d de si e que aceitou o convite \u201cn\u00e3o pelo cargo\u201d, mas \u201cporque queria tentar ajudar as pessoas\u201d. Ele n\u00e3o entrou em detalhes sobre as raz\u00f5es da sa\u00edda. Havia diverg\u00eancias entre ele e o presidente Jair Bolsonaro sobre temas como o distanciamento social e o uso da cloroquina para o tratamento da covid-19.<\/p>\n\n\n\n<p>Ele agradeceu \u00e0 sua equipe, que \u201csempre o apoiou\u201d, e destacou a import\u00e2ncia do trabalho conjunto do governo federal com os conselhos de secret\u00e1rios estaduais e municipais de Sa\u00fade, lembrando que o Sistema \u00danico de Sa\u00fade (SUS) \u00e9 \u201ctripartite\u201d. Terminou defendendo o Sistema SUS, observando que \u00e9 \u201ccria do sistema p\u00fablico\u201d.<\/p>\n\n\n\n<p>O agora ex-ministro fez um balan\u00e7o da sua curta gest\u00e3o. Come\u00e7ou destacando que \u201cn\u00e3o \u00e9 simples estar \u00e0 frente de minist\u00e9rio como este num momento dif\u00edcil\u201d. Mas ressaltou as a\u00e7\u00f5es que realizou, como o plano de diretrizes para o distanciamento, o plano de testagem e as medidaas de apoios aos locais mais afetados.<\/p>\n\n\n\n<p>\u201cDeixo um plano de trabalho pronto para auxiliar os secret\u00e1rios estaduais e municipais a tentar entender o que est\u00e1 acontecendo e pensar pr\u00f3ximos passos. Quais s\u00e3o os pontos que precisam ser avaliados, os pontos cr\u00edticos para considerar na tomada de decis\u00e3o\u201d, declarou.<\/p>\n\n\n\n<p>Teich elencou tamb\u00e9m o programa de testagem, que est\u00e1 \u201cpronto para ser implementado\u201d. \u201cIsso vai ser importante para entender a situa\u00e7\u00e3o da covid-19, o que \u00e9 fundamental para definir estrat\u00e9gias e a\u00e7\u00f5es\u201d, acrescentou.<\/p>\n\n\n\n<p>O ex-ministro enfatizou a import\u00e2ncia da ida a locais muito afetados pela pandemia. \u201c\u00c9 fundamental estar na ponta, entender o que acontece no dia a dia, ver o que est\u00e1 sendo feito. Este entendimento foi importante para desenho de a\u00e7\u00f5es implementadas em seguida. Cada cidade que a gente vai a gente est\u00e1 melhor preparado para o desafio\u201d, disse.<\/p>\n\n\n\n<p>Ele lembrou que, para al\u00e9m das respostas \u00e0 pandemia, atuou tamb\u00e9m em outros temas. \u201cTra\u00e7amos aqui um plano estrat\u00e9gico. As a\u00e7\u00f5es foram iniciadas e [isso] deve ser seguido. \u00c9 importante lembrar que durante este per\u00edodo temos foco total na covid-19, mas temos um sistema que envolve v\u00e1rias outras doen\u00e7as. Em todo tempo em que a gente trabalhou, trabalha e trabalhou, para solucionar, e passar por este momento da covid-19, todo o sistema \u00e9 pensado em paralelo.&#8221; &nbsp;<\/p>\n\n\n\n<p>Ele terminou agradecendo o presidente Jair Bolsonaro pela oportunidade \u00e0 frente do Minist\u00e9rio da Sa\u00fade e tamb\u00e9m aos profissionais da \u00e1rea. \u201cAgrade\u00e7o os profissionais de sa\u00fade mais uma vez. Quando voc\u00ea v\u00ea o dia a dia das pessoas, voc\u00ea se impressiona. Ao lado dos pacientes, correndo risco\u201d, pontuou.<\/p>\n\n\n\n<h2 class=\"wp-block-heading\">Repercuss\u00e3o<\/h2>\n\n\n\n<p>Ap\u00f3s Teich anunciar a sa\u00edda do cargo, o presidente do Conselho Nacional de Secret\u00e1rios de Sa\u00fade (Conass), Alberto Beltrame, que \u00e9 secret\u00e1rio de Sa\u00fade do Par\u00e1, publicou nota na tarde de hoje (15) manifestando a \u201cmais alta preocupa\u00e7\u00e3o com a instabilidade no Minist\u00e9rio da Sa\u00fade\u201d e na condu\u00e7\u00e3o das medidas de combate \u00e0 pandemia. \u201cEstamos diante da maior calamidade na sa\u00fade p\u00fablica, com o maior n\u00famero de mortos de nossa hist\u00f3ria recente. N\u00e3o \u00e9 o momento de jogar mais d\u00favidas neste cen\u00e1rio, que tem infligido tanta dor, sofrimento e morte aos brasileiros\u201d, declarou.<\/p>\n\n\n\n<p>O Conselho Nacional de Sa\u00fade, \u00f3rg\u00e3o de participa\u00e7\u00e3o social do SUS, divulgou na tarde de hoje nota em que pede \u201cseriedade\u201d e repudia o que classificou como \u201ccaos\u201d na pasta. O f\u00f3rum se posicionou de forma contr\u00e1ria \u00e0 mudan\u00e7a da estrat\u00e9gia no combate da pandemia.<\/p>\n\n\n\n<p>\u201cAs regras n\u00e3o podem ser modificadas sem subs\u00eddio cient\u00edfico. A venda da cloroquina de forma irrestrita nas farm\u00e1cias pode levar pacientes a mais agravos e mortes. Seguiremos exigindo, como \u00f3rg\u00e3o legalmente respons\u00e1vel pela fiscaliza\u00e7\u00e3o e monitoramento das a\u00e7\u00f5es do Minist\u00e9rio da Sa\u00fade e da sa\u00fade p\u00fablica, que o pr\u00f3ximo indicado para a pasta mantenha coer\u00eancia com as orienta\u00e7\u00f5es da Organiza\u00e7\u00e3o Mundial da Sa\u00fade (OMS), reafirmando a necessidade das medidas de isolamento, valorizando a ci\u00eancia, a pesquisa cl\u00ednica e social, que trazem evid\u00eancias eficazes para transformarmos a realidade que vivemos, mas que v\u00eam sendo refutadas pelo presidente\u201d, defendeu o CNS.<\/p>\n\n\n\n<h2 class=\"wp-block-heading\">Governadores<\/h2>\n\n\n\n<p>No Twitter, o governador do Esp\u00edrito Santo, Renato Casagrande, disse que a sa\u00edda de Teich mostra \u201ccomo estamos \u00e0 deriva no enfrentamento \u00e0 crise por parte do governo federal\u201d. E completou: \u201cOu o PR deixa o minist\u00e9rio agir, segundo as orienta\u00e7\u00f5es da OMS ou vamos perder cada vez mais brasileiros\u201d.<\/p>\n\n\n\n<p>O governador do Rio de Janeiro, Wilson Witzel, publicou em seu Twitter uma mensagem de solidariedade a Nelson Teich. \u201cGovernadores e prefeitos precisam conduzir a crise da pandemia e n\u00e3o o senhor, presidente\u201d, acrescentou.<\/p>\n\n\n\n<p>Em entrevista coletiva na sede do governo de S\u00e3o Paulo, o governador Jo\u00e3o Doria lamentou a sa\u00edda do ministro<strong>.&nbsp;<\/strong>\u201cO ministro Nelson Teich demonstrou, ao longo desses dias em que ocupou essa posi\u00e7\u00e3o, o compromisso com a ci\u00eancia e o respeito ao isolamento. Lamento que essa troca tenha sido feita e espero que o sucessor do ministro Nelson Teich continue seguindo a orienta\u00e7\u00e3o da medicina e da sa\u00fade e que n\u00e3o incorra no grave erro de seguir orienta\u00e7\u00f5es ideol\u00f3gicas, partid\u00e1rias, pessoais ou familiares\u201d.<\/p>\n\n\n\n<p>O governador do Maranh\u00e3o, Fl\u00e1vio Dino, criticou no Twitter a demiss\u00e3o do segundo ministro da Sa\u00fade, ap\u00f3s a sa\u00edda de Mandetta. \u201cO Brasil merece uma gest\u00e3o s\u00e9ria e competente\u201d, disse.<\/p>\n\n\n\n<p>O governador do Cear\u00e1, Camilo Santana, afirmou que a sa\u00edda do ministro \u201ctraz enorme inseguran\u00e7a e preocupa\u00e7\u00e3o\u201d. Segundo ele, \u201c\u00e9 inadmiss\u00edvel que, diante da grav\u00edssima crise sanit\u00e1ria que vivemos, o foco do Governo Federal continue sendo em torno de discuss\u00f5es pol\u00edticas e ideol\u00f3gicas\u201d.<\/p>\n\n\n\n<p>O governador da Para\u00edba, Jo\u00e3o Azev\u00eado, avaliou a gest\u00e3o de Teich como \u201cum m\u00eas sem avan\u00e7o\u201d e agora \u201cmais um v\u00e1cuo que ser\u00e1 criado na Gest\u00e3o da Sa\u00fade do pa\u00eds, no pior momento da crise sanit\u00e1ria vivida pelo Brasil&#8221;.<\/p>\n","protected":false},"excerpt":{"rendered":"<p>O m\u00e9dico Nelson Teich, que&nbsp;deixou o cargo de ministro da Sa\u00fade&nbsp;hoje&nbsp;(15), fez um pronunciamento de despedida, no qual fez um balan\u00e7o da sua curta atua\u00e7\u00e3o&hellip; <\/p>\n","protected":false},"author":2,"featured_media":169851,"comment_status":"closed","ping_status":"closed","sticky":false,"template":"","format":"standard","meta":{"sfsi_plus_gutenberg_text_before_share":"","sfsi_plus_gutenberg_show_text_before_share":"","sfsi_plus_gutenberg_icon_type":"","sfsi_plus_gutenberg_icon_alignemt":"","sfsi_plus_gutenburg_max_per_row":"","footnotes":""},"categories":[2],"tags":[],"class_list":["post-169850","post","type-post","status-publish","format-standard","has-post-thumbnail","hentry","category-geral"],"_links":{"self":[{"href":"https:\/\/www.caririemacao.com\/1\/wp-json\/wp\/v2\/posts\/169850","targetHints":{"allow":["GET"]}}],"collection":[{"href":"https:\/\/www.caririemacao.com\/1\/wp-json\/wp\/v2\/posts"}],"about":[{"href":"https:\/\/www.caririemacao.com\/1\/wp-json\/wp\/v2\/types\/post"}],"author":[{"embeddable":true,"href":"https:\/\/www.caririemacao.com\/1\/wp-json\/wp\/v2\/users\/2"}],"replies":[{"embeddable":true,"href":"https:\/\/www.caririemacao.com\/1\/wp-json\/wp\/v2\/comments?post=169850"}],"version-history":[{"count":1,"href":"https:\/\/www.caririemacao.com\/1\/wp-json\/wp\/v2\/posts\/169850\/revisions"}],"predecessor-version":[{"id":169852,"href":"https:\/\/www.caririemacao.com\/1\/wp-json\/wp\/v2\/posts\/169850\/revisions\/169852"}],"wp:featuredmedia":[{"embeddable":true,"href":"https:\/\/www.caririemacao.com\/1\/wp-json\/wp\/v2\/media\/169851"}],"wp:attachment":[{"href":"https:\/\/www.caririemacao.com\/1\/wp-json\/wp\/v2\/media?parent=169850"}],"wp:term":[{"taxonomy":"category","embeddable":true,"href":"https:\/\/www.caririemacao.com\/1\/wp-json\/wp\/v2\/categories?post=169850"},{"taxonomy":"post_tag","embeddable":true,"href":"https:\/\/www.caririemacao.com\/1\/wp-json\/wp\/v2\/tags?post=169850"}],"curies":[{"name":"wp","href":"https:\/\/api.w.org\/{rel}","templated":true}]}}