{"id":169854,"date":"2020-05-16T08:04:01","date_gmt":"2020-05-16T11:04:01","guid":{"rendered":"https:\/\/www.caririemacao.com\/1\/?p=169854"},"modified":"2020-05-16T08:04:01","modified_gmt":"2020-05-16T11:04:01","slug":"ex-governador-e-denunciado-pelo-gaeco-e-deve-ressarcir-o-erario-em-r900-mil","status":"publish","type":"post","link":"https:\/\/www.caririemacao.com\/1\/2020\/05\/16\/ex-governador-e-denunciado-pelo-gaeco-e-deve-ressarcir-o-erario-em-r900-mil\/","title":{"rendered":"Ex-governador \u00e9 denunciado pelo GAECO e deve ressarcir o er\u00e1rio em R$900 mil"},"content":{"rendered":"\n<h1 class=\"wp-block-heading\"><\/h1>\n\n\n\n<p>O ex-governador da Para\u00edba, Ricardo Coutinho (PSB), voltou a ser denunciado ainda em decorr\u00eancia das investiga\u00e7\u00f5es da Opera\u00e7\u00e3o Calv\u00e1rio, desta vez junto \u00e0 5\u00aa Vara Criminal da Comarca de Jo\u00e3o Pessoa, por conta de seu envolvimento no epis\u00f3dio da \u201cCaixa de Vinho\u201d, que continha cerca de R$ 900 mil.<\/p>\n\n\n\n<p>A den\u00fancia foi entregue na \u00faltima quarta-feira (13), e somente divulgado nesta sexta-feira (15) \u00e0 imprensa.<\/p>\n\n\n\n<p>O documento traz ainda a lista de fornecedores da Para\u00edba, que pagaram propina no Rio de Janeiro (que foi utilizado para o pagamento dos 900 mil).<\/p>\n\n\n\n<p>Conforme o documento: \u201cVale ressaltar que al\u00e9m de ser o destinat\u00e1rio final de todos os valores il\u00edcitos angariados pela ORCRIM , gozava o denunciado (Ricardo Coutinho) das vantagens pol\u00edticas proporcionadas por eles, especialmente no caso sob exame, em que parte do supracitado montante foi utilizado no plano da organiza\u00e7\u00e3o criminosa de manter a captura do poder pol\u00edtico do Estado da Para\u00edba, o que era fundamental para a continua\u00e7\u00e3o dos esquemas de desvios de verbas p\u00fablicas encetados\u201d.<\/p>\n\n\n\n<p>\u201cAssim, demonstradas a lideran\u00e7a do comando coletivo da organiza\u00e7\u00e3o criminosa pelo denunciado Ricardo Coutinho e a sua evidente autoria (na qualidade de autor intelectual) quanto ao delito em exame (pagamento de R$ 900 mil reais de propina no Rio de Janeiro-RJ)\u201d, diz o documento do Gaeco.<img decoding=\"async\" data-src=\"https:\/\/paraibaonline.com.br\/wp-content\/uploads\/2019\/11\/ricardo-coutinho.jpg\" alt=\"Foto: Paraibaonline\" data-srcset=\"https:\/\/paraibaonline.com.br\/wp-content\/uploads\/2019\/11\/ricardo-coutinho.jpg 800w, https:\/\/paraibaonline.com.br\/wp-content\/uploads\/2019\/11\/ricardo-coutinho-556x417.jpg 556w\" src=\"data:image\/svg+xml;base64,PHN2ZyB3aWR0aD0iMSIgaGVpZ2h0PSIxIiB4bWxucz0iaHR0cDovL3d3dy53My5vcmcvMjAwMC9zdmciPjwvc3ZnPg==\" class=\"lazyload\"><\/p>\n\n\n\n<p>Foto: Paraibaonline<\/p>\n\n\n\n<p>Continua a denuncia, que foi exatamente nesse contexto que o servidor Leandro Nunes Azevedo esteve no Rio de Janeiro\/RJ, em agosto de 2018, por ordem direta da ex-secret\u00e1ria de Administra\u00e7\u00e3o, Liv\u00e2nia Farias e sob o comando do ex-governador, que ali recebeu aproximadamente R$ 900.000,00 (novecentos mil reais) das m\u00e3os de Michelle Louzada Cardoso, ent\u00e3o secret\u00e1ria do empres\u00e1rio Daniel Gomes da Silva.<\/p>\n\n\n\n<p>Conforme a den\u00fancia, o epis\u00f3dio criminoso ocorreu em um hotel situado na zona sul da cidade fluminense e foi captado pelo sistema de c\u00e2meras do recinto, que registraram Michelle Louzada entregando uma caixa de vinho contendo o referido dinheiro il\u00edcito a Leandro Nunes, no lobby do hotel.<\/p>\n\n\n\n<p>Este delito de Corrup\u00e7\u00e3o Passiva, em especial, \u00e9 o objeto da den\u00fancia demanda na 5 \u00aa Vara Criminal de Jo\u00e3o Pessoa.<\/p>\n\n\n\n<p>O Minist\u00e9rio P\u00fablico Estadual requer que a den\u00fancia autuada instalar-se o devido processo penal, sendo, ao final, proferida a competente senten\u00e7a penal condenat\u00f3ria, ap\u00f3s a devida instru\u00e7\u00e3o criminal, como tamb\u00e9m a decreta\u00e7\u00e3o da perda de cargo, emprego, fun\u00e7\u00e3o p\u00fablica ou mandato eletivo e a fixa\u00e7\u00e3o do valor m\u00ednimo para repara\u00e7\u00e3o dos danos (materiais) causados pela infra\u00e7\u00e3o penal, considerando os preju\u00edzos sofridos pelo er\u00e1rio do Estado da Para\u00edba no valor m\u00ednimo de R$ 900.000,00 (novecentos mil reais).<\/p>\n\n\n\n<p>O ex- gestor segue cumprindo medidas cautelares determinadas pelo relator da Opera\u00e7\u00e3o Calv\u00e1rio, desembargador Ricardo Vital, dentre elas o uso de tornozeleira e o recolhimento domiciliar noturno.<\/p>\n\n\n\n<p>As medidas v\u00eam se juntar as outras cautelares aplicadas pelo Superior Tribunal de Justi\u00e7a (STJ), dentre elas comparecimento peri\u00f3dico em ju\u00edzo; proibi\u00e7\u00e3o de manter contato com os demais investigados da Opera\u00e7\u00e3o Calv\u00e1rio entre outras.<\/p>\n","protected":false},"excerpt":{"rendered":"<p>O ex-governador da Para\u00edba, Ricardo Coutinho (PSB), voltou a ser denunciado ainda em decorr\u00eancia das investiga\u00e7\u00f5es da Opera\u00e7\u00e3o Calv\u00e1rio, desta vez junto \u00e0 5\u00aa Vara&hellip; <\/p>\n","protected":false},"author":2,"featured_media":166457,"comment_status":"closed","ping_status":"closed","sticky":false,"template":"","format":"standard","meta":{"sfsi_plus_gutenberg_text_before_share":"","sfsi_plus_gutenberg_show_text_before_share":"","sfsi_plus_gutenberg_icon_type":"","sfsi_plus_gutenberg_icon_alignemt":"","sfsi_plus_gutenburg_max_per_row":"","footnotes":""},"categories":[11],"tags":[],"class_list":["post-169854","post","type-post","status-publish","format-standard","has-post-thumbnail","hentry","category-politica"],"_links":{"self":[{"href":"https:\/\/www.caririemacao.com\/1\/wp-json\/wp\/v2\/posts\/169854","targetHints":{"allow":["GET"]}}],"collection":[{"href":"https:\/\/www.caririemacao.com\/1\/wp-json\/wp\/v2\/posts"}],"about":[{"href":"https:\/\/www.caririemacao.com\/1\/wp-json\/wp\/v2\/types\/post"}],"author":[{"embeddable":true,"href":"https:\/\/www.caririemacao.com\/1\/wp-json\/wp\/v2\/users\/2"}],"replies":[{"embeddable":true,"href":"https:\/\/www.caririemacao.com\/1\/wp-json\/wp\/v2\/comments?post=169854"}],"version-history":[{"count":1,"href":"https:\/\/www.caririemacao.com\/1\/wp-json\/wp\/v2\/posts\/169854\/revisions"}],"predecessor-version":[{"id":169856,"href":"https:\/\/www.caririemacao.com\/1\/wp-json\/wp\/v2\/posts\/169854\/revisions\/169856"}],"wp:featuredmedia":[{"embeddable":true,"href":"https:\/\/www.caririemacao.com\/1\/wp-json\/wp\/v2\/media\/166457"}],"wp:attachment":[{"href":"https:\/\/www.caririemacao.com\/1\/wp-json\/wp\/v2\/media?parent=169854"}],"wp:term":[{"taxonomy":"category","embeddable":true,"href":"https:\/\/www.caririemacao.com\/1\/wp-json\/wp\/v2\/categories?post=169854"},{"taxonomy":"post_tag","embeddable":true,"href":"https:\/\/www.caririemacao.com\/1\/wp-json\/wp\/v2\/tags?post=169854"}],"curies":[{"name":"wp","href":"https:\/\/api.w.org\/{rel}","templated":true}]}}