{"id":169858,"date":"2020-05-16T08:11:39","date_gmt":"2020-05-16T11:11:39","guid":{"rendered":"https:\/\/www.caririemacao.com\/1\/?p=169858"},"modified":"2020-05-16T08:11:39","modified_gmt":"2020-05-16T11:11:39","slug":"bebe-de-cinco-meses-morre-vitima-da-covid-19-em-joao-pessoa","status":"publish","type":"post","link":"https:\/\/www.caririemacao.com\/1\/2020\/05\/16\/bebe-de-cinco-meses-morre-vitima-da-covid-19-em-joao-pessoa\/","title":{"rendered":"Beb\u00ea de cinco meses morre v\u00edtima da Covid-19 em Jo\u00e3o Pessoa"},"content":{"rendered":"\n<h1 class=\"wp-block-heading\"><\/h1>\n\n\n\n<p>Um beb\u00ea de cinco meses morreu v\u00edtima da Covid-19, doen\u00e7a provocada pelo novo coronav\u00edrus, em Jo\u00e3o Pessoa nessa quinta-feira (14).<\/p>\n\n\n\n<p>Natural do munic\u00edpio de Cuitegi, o beb\u00ea havia sido internado no dia 22 de abril no Hospital Metropolitano Dom Jos\u00e9 Maria Pires, em Santa Rita, por conta de problemas card\u00edacos e por apresentar um quadro de pneumonia.<\/p>\n\n\n\n<p>Conforme a Secretaria de Sa\u00fade de Cuitegi, a crian\u00e7a contraiu a Covid-19 na unidade hospitalar de Santa Rita enquanto esperava o tratamento card\u00edaco.<\/p>\n\n\n\n<p>Ap\u00f3s testar positivo para a doen\u00e7a, o beb\u00ea foi transferido para o Hospital Municipal do Valentina, em Jo\u00e3o Pessoa, que \u00e9 refer\u00eancia para o tratamento de crian\u00e7as, mas n\u00e3o resistiu.<\/p>\n\n\n\n<p>Nesta sexta-feira, 15, a Para\u00edba registrou mais um recorde de novos casos positivos de Covid-19, com 378 em 24 horas, totalizando 3.739 casos diagnosticados em todo o Estado. Al\u00e9m disso, 170 mortes j\u00e1 foram confirmadas.<\/p>\n","protected":false},"excerpt":{"rendered":"<p>Um beb\u00ea de cinco meses morreu v\u00edtima da Covid-19, doen\u00e7a provocada pelo novo coronav\u00edrus, em Jo\u00e3o Pessoa nessa quinta-feira (14). Natural do munic\u00edpio de Cuitegi,&hellip; <\/p>\n","protected":false},"author":2,"featured_media":169859,"comment_status":"closed","ping_status":"closed","sticky":false,"template":"","format":"standard","meta":{"sfsi_plus_gutenberg_text_before_share":"","sfsi_plus_gutenberg_show_text_before_share":"","sfsi_plus_gutenberg_icon_type":"","sfsi_plus_gutenberg_icon_alignemt":"","sfsi_plus_gutenburg_max_per_row":"","footnotes":""},"categories":[2],"tags":[],"class_list":["post-169858","post","type-post","status-publish","format-standard","has-post-thumbnail","hentry","category-geral"],"_links":{"self":[{"href":"https:\/\/www.caririemacao.com\/1\/wp-json\/wp\/v2\/posts\/169858","targetHints":{"allow":["GET"]}}],"collection":[{"href":"https:\/\/www.caririemacao.com\/1\/wp-json\/wp\/v2\/posts"}],"about":[{"href":"https:\/\/www.caririemacao.com\/1\/wp-json\/wp\/v2\/types\/post"}],"author":[{"embeddable":true,"href":"https:\/\/www.caririemacao.com\/1\/wp-json\/wp\/v2\/users\/2"}],"replies":[{"embeddable":true,"href":"https:\/\/www.caririemacao.com\/1\/wp-json\/wp\/v2\/comments?post=169858"}],"version-history":[{"count":1,"href":"https:\/\/www.caririemacao.com\/1\/wp-json\/wp\/v2\/posts\/169858\/revisions"}],"predecessor-version":[{"id":169860,"href":"https:\/\/www.caririemacao.com\/1\/wp-json\/wp\/v2\/posts\/169858\/revisions\/169860"}],"wp:featuredmedia":[{"embeddable":true,"href":"https:\/\/www.caririemacao.com\/1\/wp-json\/wp\/v2\/media\/169859"}],"wp:attachment":[{"href":"https:\/\/www.caririemacao.com\/1\/wp-json\/wp\/v2\/media?parent=169858"}],"wp:term":[{"taxonomy":"category","embeddable":true,"href":"https:\/\/www.caririemacao.com\/1\/wp-json\/wp\/v2\/categories?post=169858"},{"taxonomy":"post_tag","embeddable":true,"href":"https:\/\/www.caririemacao.com\/1\/wp-json\/wp\/v2\/tags?post=169858"}],"curies":[{"name":"wp","href":"https:\/\/api.w.org\/{rel}","templated":true}]}}