{"id":169862,"date":"2020-05-16T08:15:50","date_gmt":"2020-05-16T11:15:50","guid":{"rendered":"https:\/\/www.caririemacao.com\/1\/?p=169862"},"modified":"2020-05-16T08:15:50","modified_gmt":"2020-05-16T11:15:50","slug":"conselho-tutelar-de-monteiro-realiza-acoes-alusivas-a-luta-contra-a-exploracao-de-menores","status":"publish","type":"post","link":"https:\/\/www.caririemacao.com\/1\/2020\/05\/16\/conselho-tutelar-de-monteiro-realiza-acoes-alusivas-a-luta-contra-a-exploracao-de-menores\/","title":{"rendered":"Conselho Tutelar de Monteiro realiza a\u00e7\u00f5es alusivas \u00e0 luta contra a explora\u00e7\u00e3o de menores"},"content":{"rendered":"\n<h1 class=\"wp-block-heading\"><\/h1>\n\n\n\n<hr class=\"wp-block-separator\"\/>\n\n\n\n<p><a href=\"https:\/\/www.facebook.com\/sharer.php?u=https%3A%2F%2Fwww.vitrinedocariri.com.br%2F2020%2F05%2Fconselho-tutelar-de-monteiro-realiza-acoes-alusivas-a-luta-contra-a-exploracao-de-menores%2F\" target=\"_blank\" rel=\"noreferrer noopener\"><\/a><a href=\"https:\/\/twitter.com\/share?url=https%3A%2F%2Fwww.vitrinedocariri.com.br%2F2020%2F05%2Fconselho-tutelar-de-monteiro-realiza-acoes-alusivas-a-luta-contra-a-exploracao-de-menores%2F&amp;text=Acabei%20de%20ver%20Conselho%20Tutelar%20de%20Monteiro%20realiza%20a%C3%A7%C3%B5es%20alusivas%20%C3%A0%20luta%20contra%20a%20explora%C3%A7%C3%A3o%20de%20menores%20-%20Clique%20para%20ver%20tamb%C3%A9m%20%E2%98%9B%20\" target=\"_blank\" rel=\"noreferrer noopener\"><\/a><a href=\"\/\/send?text=Conselho%20Tutelar%20de%20Monteiro%20realiza%20a%C3%A7%C3%B5es%20alusivas%20%C3%A0%20luta%20contra%20a%20explora%C3%A7%C3%A3o%20de%20menores%20%E2%98%9B%20https%3A%2F%2Fwww.vitrinedocariri.com.br%2F2020%2F05%2Fconselho-tutelar-de-monteiro-realiza-acoes-alusivas-a-luta-contra-a-exploracao-de-menores%2F\" target=\"_blank\" rel=\"noreferrer noopener\"><\/a><a href=\"javascript:void(0);\"><\/a><\/p>\n\n\n\n<div class=\"wp-block-image\"><figure class=\"alignleft\"><img decoding=\"async\" data-src=\"https:\/\/i1.wp.com\/www.vitrinedocariri.com.br\/wp-content\/uploads\/2020\/05\/Conselho-Tutelar-de-Monteiro-realiza-a%C3%A7%C3%B5es-alusivas-%C3%A0-luta-contra-a-explora%C3%A7%C3%A3o-de-menores.jpeg?resize=225%2C300&amp;ssl=1\" alt=\"\" class=\"wp-image-70712 lazyload\" src=\"data:image\/svg+xml;base64,PHN2ZyB3aWR0aD0iMSIgaGVpZ2h0PSIxIiB4bWxucz0iaHR0cDovL3d3dy53My5vcmcvMjAwMC9zdmciPjwvc3ZnPg==\" \/><\/figure><\/div>\n\n\n\n<p>&nbsp;A popula\u00e7\u00e3o de Monteiro vem durante toda esta semana sendo alertada para a Campanha contra a Explora\u00e7\u00e3o Sexual de Crian\u00e7as e Adolescentes, que tem seu principal dia na pr\u00f3xima segunda-feira, 18 de maio.<\/p>\n\n\n\n<p>Programados desde o in\u00edcio do ano, os membros do Conselho Tutelar v\u00eam realizando visitas nas comunidades, creches, escolas rurais e urbanas, como acompanhamento inicial, pois conforme conta o conselheiro Lucas, \u201ca preven\u00e7\u00e3o se d\u00e1 pela informa\u00e7\u00e3o\u201d.<\/p>\n\n\n\n<p>Adequados \u00e0 pandemia, a equipe tamb\u00e9m est\u00e1 fazendo o uso das redes sociais como Facebook e Instagram, al\u00e9m de Whatsapp, com o intuito de dinamizar e chegar mais r\u00e1pido \u00e0 popula\u00e7\u00e3o.<\/p>\n\n\n\n<p>De acordo com o conselheiro Lucas, o trabalho de informa\u00e7\u00e3o \u00e9 de suma import\u00e2ncia tendo em vista que a maioria das den\u00fancias s\u00e3o de casos extremos.<\/p>\n\n\n\n<p>O trabalho de conscientiza\u00e7\u00e3o do Conselho Tutelar vem sendo realizado durante toda esta semana em parceria com a Secretaria de Desenvolvimento Social, atrav\u00e9s de panfletagens, participa\u00e7\u00e3o em programas de r\u00e1dio e lives.<\/p>\n\n\n\n<div class=\"wp-block-image\"><figure class=\"alignleft\"><img decoding=\"async\" data-src=\"https:\/\/i1.wp.com\/www.vitrinedocariri.com.br\/wp-content\/uploads\/2020\/05\/Semana-de-Enfrentamento-%C3%A0-Viol%C3%AAncia-Sexual-contra-Crian%C3%A7as-e-Adolescentes..jpeg?resize=300%2C300&amp;ssl=1\" alt=\"\" class=\"wp-image-70613 lazyload\" src=\"data:image\/svg+xml;base64,PHN2ZyB3aWR0aD0iMSIgaGVpZ2h0PSIxIiB4bWxucz0iaHR0cDovL3d3dy53My5vcmcvMjAwMC9zdmciPjwvc3ZnPg==\" \/><\/figure><\/div>\n\n\n\n<p>Neste s\u00e1bado acontece tamb\u00e9m uma a\u00e7\u00e3o direcionada a popula\u00e7\u00e3o da zona rural no centro da cidade.<\/p>\n","protected":false},"excerpt":{"rendered":"<p>&nbsp;A popula\u00e7\u00e3o de Monteiro vem durante toda esta semana sendo alertada para a Campanha contra a Explora\u00e7\u00e3o Sexual de Crian\u00e7as e Adolescentes, que tem seu&hellip; <\/p>\n","protected":false},"author":2,"featured_media":169863,"comment_status":"closed","ping_status":"closed","sticky":false,"template":"","format":"standard","meta":{"sfsi_plus_gutenberg_text_before_share":"","sfsi_plus_gutenberg_show_text_before_share":"","sfsi_plus_gutenberg_icon_type":"","sfsi_plus_gutenberg_icon_alignemt":"","sfsi_plus_gutenburg_max_per_row":"","footnotes":""},"categories":[2],"tags":[],"class_list":["post-169862","post","type-post","status-publish","format-standard","has-post-thumbnail","hentry","category-geral"],"_links":{"self":[{"href":"https:\/\/www.caririemacao.com\/1\/wp-json\/wp\/v2\/posts\/169862","targetHints":{"allow":["GET"]}}],"collection":[{"href":"https:\/\/www.caririemacao.com\/1\/wp-json\/wp\/v2\/posts"}],"about":[{"href":"https:\/\/www.caririemacao.com\/1\/wp-json\/wp\/v2\/types\/post"}],"author":[{"embeddable":true,"href":"https:\/\/www.caririemacao.com\/1\/wp-json\/wp\/v2\/users\/2"}],"replies":[{"embeddable":true,"href":"https:\/\/www.caririemacao.com\/1\/wp-json\/wp\/v2\/comments?post=169862"}],"version-history":[{"count":1,"href":"https:\/\/www.caririemacao.com\/1\/wp-json\/wp\/v2\/posts\/169862\/revisions"}],"predecessor-version":[{"id":169864,"href":"https:\/\/www.caririemacao.com\/1\/wp-json\/wp\/v2\/posts\/169862\/revisions\/169864"}],"wp:featuredmedia":[{"embeddable":true,"href":"https:\/\/www.caririemacao.com\/1\/wp-json\/wp\/v2\/media\/169863"}],"wp:attachment":[{"href":"https:\/\/www.caririemacao.com\/1\/wp-json\/wp\/v2\/media?parent=169862"}],"wp:term":[{"taxonomy":"category","embeddable":true,"href":"https:\/\/www.caririemacao.com\/1\/wp-json\/wp\/v2\/categories?post=169862"},{"taxonomy":"post_tag","embeddable":true,"href":"https:\/\/www.caririemacao.com\/1\/wp-json\/wp\/v2\/tags?post=169862"}],"curies":[{"name":"wp","href":"https:\/\/api.w.org\/{rel}","templated":true}]}}