{"id":169866,"date":"2020-05-16T08:22:00","date_gmt":"2020-05-16T11:22:00","guid":{"rendered":"https:\/\/www.caririemacao.com\/1\/?p=169866"},"modified":"2020-05-16T08:22:00","modified_gmt":"2020-05-16T11:22:00","slug":"comparacao-do-numero-de-mortes-deve-ser-proporcional-dizem-ministros","status":"publish","type":"post","link":"https:\/\/www.caririemacao.com\/1\/2020\/05\/16\/comparacao-do-numero-de-mortes-deve-ser-proporcional-dizem-ministros\/","title":{"rendered":"Compara\u00e7\u00e3o do n\u00famero de mortes deve ser proporcional, dizem ministros"},"content":{"rendered":"\n<h1 class=\"wp-block-heading\"><\/h1>\n\n\n\n<p>Em entrevista coletiva para atualizar dados sobre o combate ao novo coronav\u00edrus, na tarde desta sexta-feira (15), ministros do governo usaram dados oficiais para destacar que o n\u00famero de mortes no Brasil \u00e9 menor do que em outros pa\u00edses, em termos proporcionais.<\/p>\n\n\n\n<p>Segundo o balan\u00e7o apresentado pelo ministro Walter Braga Netto (Casa Civil), que compara o Brasil com outros sete pa\u00edses, o n\u00famero de \u00f3bitos por milh\u00e3o de habitantes \u00e9 58,6 no caso brasileiro, mas chega a 691,7 na B\u00e9lgica; 524,9 na Espanha; 424,4 no Reino Unido; 422,6 na It\u00e1lia; 369,1 na Fran\u00e7a; 200,5 no Estados Unidos; e 79 na Alemanha. A compara\u00e7\u00e3o foi feita a partir do cent\u00e9simo caso da doen\u00e7a notificado em cada pa\u00eds.&nbsp;&nbsp;<\/p>\n\n\n\n<p>&#8220;Essa fotografia evidencia que o Brasil, no seu 61\u00ba dia ap\u00f3s o cent\u00e9simo caso, apresenta um n\u00famero de \u00f3bitos acumulados proporcionalmente bastante inferior. Esse resultado se deve exatamente \u00e0s medidas adotadas [pelo governo]&#8221;, afirmou.&nbsp;<\/p>\n\n\n\n<p>Um estudo da universidade norte-americana Johns Hopkin, que analisa dados absolutos, coloca o Brasil em sexto lugar tanto em n\u00famero de casos confirmados da covid-19 (218 mil) quando em n\u00famero de \u00f3bitos (14,8 mil), ficando atr\u00e1s de Estados Unidos, Reino Unido, Fran\u00e7a e It\u00e1lia.<\/p>\n\n\n\n<p>Para o ministro da Secretaria de Governo, Luiz Eduardo Ramos, pelo fato de o Brasil ser um pa\u00eds continental, a compara\u00e7\u00e3o com outras na\u00e7\u00f5es, com menor popula\u00e7\u00e3o, distorce a realidade da pandemia. &#8220;Considerando a popula\u00e7\u00e3o, o Brasil est\u00e1 atr\u00e1s de praticamente todos esses pa\u00edses. N\u00e3o estou minimizando as mortes (&#8230;), mas \u00e9 importante que n\u00f3s tenhamos consci\u00eancia quando estamos noticiando&#8221;, afirmou.&nbsp;<\/p>\n\n\n\n<p>Ramos ainda citou o n\u00famero de mortes por ano no pa\u00eds, por diversas causas, para argumentar que n\u00e3o se deve causar um &#8220;clima de terror&#8221; no Brasil.&nbsp;<\/p>\n\n\n\n<p>&#8220;Todo mundo aqui deve andar de carro ou de \u00f4nibus, pratica esporte. A m\u00e9dia de mortes, por ano, de queda, afogamento, acidente automobil\u00edstico, les\u00f5es provocadas de toda ordem: 164 mil mortes. Os n\u00fameros s\u00e3o impactantes, mas nem por isso \u00e9 instaurado um clima de terror&#8221;, afirmou.<\/p>\n\n\n\n<p>A coletiva, realizada no Pal\u00e1cio do Planalto, tamb\u00e9m marcava os 500 dias de mandato do atual governo, mas Ramos ponderou que o momento n\u00e3o \u00e9 para celebra\u00e7\u00f5es. &#8220;N\u00e3o h\u00e1 momento agora para comemorar, o momento \u00e9 de refletir, como j\u00e1 disse o ministro Braga Netto, fazer um pleito de condol\u00eancias \u00e0s fam\u00edlias que perderam seus entes queridos&#8221;.&nbsp;<\/p>\n\n\n\n<p>Em seu pronunciamento, o ministro-chefe da Casa Civil fez quest\u00e3o de ressaltar que, desde o in\u00edcio da pandemia no Brasil, o governo federal realizou mais de 1,8 mil a\u00e7\u00f5es e repassou &#8220;enorme quantidade de recursos materiais e financeiros&#8221; a estados e munic\u00edpios.<\/p>\n","protected":false},"excerpt":{"rendered":"<p>Em entrevista coletiva para atualizar dados sobre o combate ao novo coronav\u00edrus, na tarde desta sexta-feira (15), ministros do governo usaram dados oficiais para destacar&hellip; <\/p>\n","protected":false},"author":2,"featured_media":169867,"comment_status":"closed","ping_status":"closed","sticky":false,"template":"","format":"standard","meta":{"sfsi_plus_gutenberg_text_before_share":"","sfsi_plus_gutenberg_show_text_before_share":"","sfsi_plus_gutenberg_icon_type":"","sfsi_plus_gutenberg_icon_alignemt":"","sfsi_plus_gutenburg_max_per_row":"","footnotes":""},"categories":[2],"tags":[],"class_list":["post-169866","post","type-post","status-publish","format-standard","has-post-thumbnail","hentry","category-geral"],"_links":{"self":[{"href":"https:\/\/www.caririemacao.com\/1\/wp-json\/wp\/v2\/posts\/169866","targetHints":{"allow":["GET"]}}],"collection":[{"href":"https:\/\/www.caririemacao.com\/1\/wp-json\/wp\/v2\/posts"}],"about":[{"href":"https:\/\/www.caririemacao.com\/1\/wp-json\/wp\/v2\/types\/post"}],"author":[{"embeddable":true,"href":"https:\/\/www.caririemacao.com\/1\/wp-json\/wp\/v2\/users\/2"}],"replies":[{"embeddable":true,"href":"https:\/\/www.caririemacao.com\/1\/wp-json\/wp\/v2\/comments?post=169866"}],"version-history":[{"count":1,"href":"https:\/\/www.caririemacao.com\/1\/wp-json\/wp\/v2\/posts\/169866\/revisions"}],"predecessor-version":[{"id":169868,"href":"https:\/\/www.caririemacao.com\/1\/wp-json\/wp\/v2\/posts\/169866\/revisions\/169868"}],"wp:featuredmedia":[{"embeddable":true,"href":"https:\/\/www.caririemacao.com\/1\/wp-json\/wp\/v2\/media\/169867"}],"wp:attachment":[{"href":"https:\/\/www.caririemacao.com\/1\/wp-json\/wp\/v2\/media?parent=169866"}],"wp:term":[{"taxonomy":"category","embeddable":true,"href":"https:\/\/www.caririemacao.com\/1\/wp-json\/wp\/v2\/categories?post=169866"},{"taxonomy":"post_tag","embeddable":true,"href":"https:\/\/www.caririemacao.com\/1\/wp-json\/wp\/v2\/tags?post=169866"}],"curies":[{"name":"wp","href":"https:\/\/api.w.org\/{rel}","templated":true}]}}