{"id":169871,"date":"2020-05-16T08:24:15","date_gmt":"2020-05-16T11:24:15","guid":{"rendered":"https:\/\/www.caririemacao.com\/1\/?p=169871"},"modified":"2020-05-16T09:55:40","modified_gmt":"2020-05-16T12:55:40","slug":"bolsonaro-defende-protocolo-diferente-para-covid-19-diz-braga-netto","status":"publish","type":"post","link":"https:\/\/www.caririemacao.com\/1\/2020\/05\/16\/bolsonaro-defende-protocolo-diferente-para-covid-19-diz-braga-netto\/","title":{"rendered":"Bolsonaro defende protocolo diferente para covid-19, diz Braga Netto"},"content":{"rendered":"\n<h1 class=\"wp-block-heading\"> <\/h1>\n\n\n\n<p>O ministro-chefe da Casa Civil, Walter Braga Netto, comentou nesta sexta-feira (15) sobre a\u00a0sa\u00edda de Nelson Teich do Minist\u00e9rio da Sa\u00fade\u00a0durante coletiva de imprensa no Pal\u00e1cio do Planalto. Braga Netto afirmou que o Teich\u00a0alegou quest\u00f5es de &#8220;foro \u00edntimo&#8221; para pedir demiss\u00e3o do cargo. O ministro ressaltou que o presidente Jair Bolsonaro defende protocolos diferentes do agora ex-ministro no tratamento para a covid-19.<\/p>\n\n\n\n<p>&#8220;Ministro Teich saiu por quest\u00f5es de foro \u00edntimo. Conversou hoje com o presidente, uma conversa amig\u00e1vel, conversou comigo e outros ministros, sem problema nenhum. S\u00e3o posi\u00e7\u00f5es diferentes, o&nbsp; presidente n\u00e3o ignora a ci\u00eancia, ele segue os protocolos. Ele tem uma vis\u00e3o diferente de qual \u00e9 o protocolo a ser seguido&#8221;, afirmou.&nbsp;<\/p>\n\n\n\n<p>Segundo o ministro, Bolsonaro tem defendido um isolamento social menor como forma de garantir a retomada da economia, e que presidente combate apenas o que ele chamou de &#8220;excessos&#8221; na abordagem sobre a pandemia.<\/p>\n\n\n\n<p>&#8220;O presidente n\u00e3o \u00e9 contra o isolamento, ele \u00e9 contra aquele isolamento que vai gerar desemprego e fome l\u00e1 na frente&#8221;, acrescentou.<\/p>\n\n\n\n<p>\u00c9 a segunda troca no comando do Minist\u00e9rio da Sa\u00fade em menos de um m\u00eas. Antes de Teich, o ent\u00e3o ministro Luiz Henrique Mandetta tamb\u00e9m divergiu com presidente Jair Bolsonaro sobre os caminhos para o combate \u00e0 pandemia do novo coronav\u00edrus no pa\u00eds, como as medidas de isolamento social e o uso da hidroxicloroquina no tratamento de pacientes.<\/p>\n\n\n\n<p>Durante a coletiva, o ministro da Secretaria de Governo, Luiz Eduardo Ramos, afirmou que, apesar da sa\u00edda do ministro, todo o corpo t\u00e9cnico do Minist\u00e9rio da Sa\u00fade segue trabalhando normalmente.&nbsp;&nbsp;<\/p>\n\n\n\n<p>&#8220;Vai l\u00e1 no Minist\u00e9rio da Sa\u00fade, tem homens e mulheres at\u00e9 meia noite, uma hora da manh\u00e3, dando tudo de si para tentar ajudar o Brasil. Isso n\u00e3o vai mudar. O general Pazuello, que a gente conhece, vai ficar interino e est\u00e1 tocando o minist\u00e9rio&#8221;, afirmou. O general Eduardo Pazuello, secret\u00e1rio-executivo da Sa\u00fade, seguir\u00e1 como ministro interino na pasta at\u00e9 o presidente Bolsonaro decidir pelo substituto de Teich. Ele tamb\u00e9m \u00e9 cotado para assumir a pasta de forma definitiva.&nbsp;<\/p>\n","protected":false},"excerpt":{"rendered":"<p>O ministro-chefe da Casa Civil, Walter Braga Netto, comentou nesta sexta-feira (15) sobre a\u00a0sa\u00edda de Nelson Teich do Minist\u00e9rio da Sa\u00fade\u00a0durante coletiva de imprensa no&hellip; <\/p>\n","protected":false},"author":2,"featured_media":169872,"comment_status":"closed","ping_status":"closed","sticky":false,"template":"","format":"standard","meta":{"sfsi_plus_gutenberg_text_before_share":"","sfsi_plus_gutenberg_show_text_before_share":"","sfsi_plus_gutenberg_icon_type":"","sfsi_plus_gutenberg_icon_alignemt":"","sfsi_plus_gutenburg_max_per_row":"","footnotes":""},"categories":[11],"tags":[],"class_list":["post-169871","post","type-post","status-publish","format-standard","has-post-thumbnail","hentry","category-politica"],"_links":{"self":[{"href":"https:\/\/www.caririemacao.com\/1\/wp-json\/wp\/v2\/posts\/169871","targetHints":{"allow":["GET"]}}],"collection":[{"href":"https:\/\/www.caririemacao.com\/1\/wp-json\/wp\/v2\/posts"}],"about":[{"href":"https:\/\/www.caririemacao.com\/1\/wp-json\/wp\/v2\/types\/post"}],"author":[{"embeddable":true,"href":"https:\/\/www.caririemacao.com\/1\/wp-json\/wp\/v2\/users\/2"}],"replies":[{"embeddable":true,"href":"https:\/\/www.caririemacao.com\/1\/wp-json\/wp\/v2\/comments?post=169871"}],"version-history":[{"count":3,"href":"https:\/\/www.caririemacao.com\/1\/wp-json\/wp\/v2\/posts\/169871\/revisions"}],"predecessor-version":[{"id":169891,"href":"https:\/\/www.caririemacao.com\/1\/wp-json\/wp\/v2\/posts\/169871\/revisions\/169891"}],"wp:featuredmedia":[{"embeddable":true,"href":"https:\/\/www.caririemacao.com\/1\/wp-json\/wp\/v2\/media\/169872"}],"wp:attachment":[{"href":"https:\/\/www.caririemacao.com\/1\/wp-json\/wp\/v2\/media?parent=169871"}],"wp:term":[{"taxonomy":"category","embeddable":true,"href":"https:\/\/www.caririemacao.com\/1\/wp-json\/wp\/v2\/categories?post=169871"},{"taxonomy":"post_tag","embeddable":true,"href":"https:\/\/www.caririemacao.com\/1\/wp-json\/wp\/v2\/tags?post=169871"}],"curies":[{"name":"wp","href":"https:\/\/api.w.org\/{rel}","templated":true}]}}