{"id":169875,"date":"2020-05-16T08:29:07","date_gmt":"2020-05-16T11:29:07","guid":{"rendered":"https:\/\/www.caririemacao.com\/1\/?p=169875"},"modified":"2020-05-16T08:29:07","modified_gmt":"2020-05-16T11:29:07","slug":"dolar-sobe-e-fecha-a-r-583-em-dia-de-saida-de-teich","status":"publish","type":"post","link":"https:\/\/www.caririemacao.com\/1\/2020\/05\/16\/dolar-sobe-e-fecha-a-r-583-em-dia-de-saida-de-teich\/","title":{"rendered":"D\u00f3lar sobe e fecha a R$ 5,83 em dia de sa\u00edda de Teich"},"content":{"rendered":"\n<h1 class=\"wp-block-heading\"><\/h1>\n\n\n\n<p>Em um dia marcado pela divulga\u00e7\u00e3o de indicadores econ\u00f4micos e pela&nbsp;<a href=\"https:\/\/www.clickpb.com.br\/brasil\/nelson-teich-deixa-ministerio-da-saude-menos-de-um-mes-apos-assumir-284027.html\">sa\u00edda do ministro da Sa\u00fade, Nelson Teich<\/a>, o mercado financeiro teve um dia de volatilidade. Depois de iniciar a sess\u00e3o em baixa, o d\u00f3lar comercial encerrou esta sexta-feira (15) vendido a R$ 5,839, com alta de R$ 0,019 (+0,33%). A bolsa de valores, que tinha come\u00e7ado em alta, passou a cair a partir do fim da manh\u00e3.<\/p>\n\n\n\n<p>O euro comercial tamb\u00e9m subiu e fechou a R$ 6,336, com alta de 0,87%. A libra comercial, no entanto, caiu levemente e encerrou o dia vendida a R$ 7,088, com recuo de 0,27%.<\/p>\n\n\n\n<p>O d\u00f3lar alternou momentos de alta e de queda, mas consolidou a alta perto do fim das negocia\u00e7\u00f5es. Na m\u00ednima do dia, por volta das 11h30, a cota\u00e7\u00e3o tinha ca\u00eddo para R$ 5,77, mas o movimento inverteu-se assim que foi confirmada a sa\u00edda do ministro da Sa\u00fade. A divisa encerrou a semana com alta de 1,73% e acumula alta de 45,51% em 2020.<\/p>\n\n\n\n<p>Diferentemente dos \u00faltimos dias, o Banco Central (BC) n\u00e3o interferiu no c\u00e2mbio. A autoridade monet\u00e1ria apenas anunciou, no fim da tarde, que come\u00e7ar\u00e1 a rolar (renovar) na pr\u00f3xima semana US$ 11,3 bilh\u00f5es em contratos de swap cambial \u2013 que equivalem \u00e0 venda de d\u00f3lares no mercado futuro \u2013 que vencem em julho.<\/p>\n\n\n\n<p>Al\u00e9m da sa\u00edda do ministro da Sa\u00fade, o mercado financeiro foi influenciado pela divulga\u00e7\u00e3o de que o \u00cdndice de Atividade Econ\u00f4mica do Banco Central (IBC-Br), divulgado hoje (15) pelo Banco Central (BC), apontou queda de 1,95% no primeiro trimestre, por causa da pandemia de coronav\u00edrus.<\/p>\n\n\n\n<p>Somente em mar\u00e7o, o IBC-Br caiu 5,9% em rela\u00e7\u00e3o a fevereiro, antes do in\u00edcio da pandemia. Esse foi o pior resultado mensal desde o in\u00edcio da s\u00e9rie hist\u00f3rica, em janeiro de 2003. Em rela\u00e7\u00e3o a mar\u00e7o de 2019, a queda chegou a 1,52%.<\/p>\n\n\n\n<p>Nos \u00faltimos dias, os investidores tamb\u00e9m t\u00eam repercutido a decis\u00e3o do Comit\u00ea de Pol\u00edtica Monet\u00e1ria (Copom) do Banco Central de reduzir a Selic (taxa b\u00e1sica de juros) para 3% ao ano. Al\u00e9m de reduzir a taxa al\u00e9m do estimado, o BC indicou que pretende promover novo corte de at\u00e9 0,75 ponto percentual em junho, o que poderia levar a Selic para 2,25% ao ano.<\/p>\n\n\n\n<p>Juros mais baixos tornam menos atrativos os investimentos em pa\u00edses emergentes, como o Brasil, estimulando a retirada de capitais estrangeiros. As tens\u00f5es pol\u00edticas internas tamb\u00e9m interferiram no mercado.<\/p>\n\n\n\n<p><strong>Mercado de a\u00e7\u00f5es<\/strong><\/p>\n\n\n\n<p>O dia voltou a ser marcado por perdas no mercado de a\u00e7\u00f5es. O \u00edndice Ibovespa, da B3 (bolsa de valores brasileira), fechou esta sexta-feira aos 77.556 pontos, com queda de 1,84%. O indicador come\u00e7ou o dia em alta, mas passou a cair no fim da manh\u00e3, pouco depois do an\u00fancio da sa\u00edda de Teich. O Ibovespa encerrou a semana com queda de 3,37%.<\/p>\n\n\n\n<p>O mercado de a\u00e7\u00f5es brasileiro n\u00e3o seguiu o cen\u00e1rio externo. O \u00edndice Dow Jones, da Bolsa de Nova York, fechou o dia com ganho de 0,25%. A bolsa norte-americana tem sido influenciada pelo aumento na tens\u00e3o comercial e diplom\u00e1tica entre Estados Unidos e China e pelo ressurgimento de casos do novo coronav\u00edrus em pa\u00edses que amenizaram as restri\u00e7\u00f5es sociais, como a Alemanha e a Coreia do Sul.<\/p>\n\n\n\n<p>H\u00e1 v\u00e1rias semanas, mercados financeiros em todo o planeta atravessam um per\u00edodo de nervosismo por causa da recess\u00e3o global provocada pelo agravamento da pandemia do novo coronav\u00edrus. Nos \u00faltimos dias, os investimentos t\u00eam oscilado entre poss\u00edveis ganhos com o relaxamento de restri\u00e7\u00f5es em v\u00e1rios pa\u00edses da Europa e em regi\u00f5es dos Estados Unidos e contratempos no combate \u00e0 doen\u00e7a.<\/p>\n","protected":false},"excerpt":{"rendered":"<p>Em um dia marcado pela divulga\u00e7\u00e3o de indicadores econ\u00f4micos e pela&nbsp;sa\u00edda do ministro da Sa\u00fade, Nelson Teich, o mercado financeiro teve um dia de volatilidade.&hellip; <\/p>\n","protected":false},"author":2,"featured_media":161026,"comment_status":"closed","ping_status":"closed","sticky":false,"template":"","format":"standard","meta":{"sfsi_plus_gutenberg_text_before_share":"","sfsi_plus_gutenberg_show_text_before_share":"","sfsi_plus_gutenberg_icon_type":"","sfsi_plus_gutenberg_icon_alignemt":"","sfsi_plus_gutenburg_max_per_row":"","footnotes":""},"categories":[2],"tags":[],"class_list":["post-169875","post","type-post","status-publish","format-standard","has-post-thumbnail","hentry","category-geral"],"_links":{"self":[{"href":"https:\/\/www.caririemacao.com\/1\/wp-json\/wp\/v2\/posts\/169875","targetHints":{"allow":["GET"]}}],"collection":[{"href":"https:\/\/www.caririemacao.com\/1\/wp-json\/wp\/v2\/posts"}],"about":[{"href":"https:\/\/www.caririemacao.com\/1\/wp-json\/wp\/v2\/types\/post"}],"author":[{"embeddable":true,"href":"https:\/\/www.caririemacao.com\/1\/wp-json\/wp\/v2\/users\/2"}],"replies":[{"embeddable":true,"href":"https:\/\/www.caririemacao.com\/1\/wp-json\/wp\/v2\/comments?post=169875"}],"version-history":[{"count":1,"href":"https:\/\/www.caririemacao.com\/1\/wp-json\/wp\/v2\/posts\/169875\/revisions"}],"predecessor-version":[{"id":169876,"href":"https:\/\/www.caririemacao.com\/1\/wp-json\/wp\/v2\/posts\/169875\/revisions\/169876"}],"wp:featuredmedia":[{"embeddable":true,"href":"https:\/\/www.caririemacao.com\/1\/wp-json\/wp\/v2\/media\/161026"}],"wp:attachment":[{"href":"https:\/\/www.caririemacao.com\/1\/wp-json\/wp\/v2\/media?parent=169875"}],"wp:term":[{"taxonomy":"category","embeddable":true,"href":"https:\/\/www.caririemacao.com\/1\/wp-json\/wp\/v2\/categories?post=169875"},{"taxonomy":"post_tag","embeddable":true,"href":"https:\/\/www.caririemacao.com\/1\/wp-json\/wp\/v2\/tags?post=169875"}],"curies":[{"name":"wp","href":"https:\/\/api.w.org\/{rel}","templated":true}]}}