{"id":169882,"date":"2020-05-16T08:37:50","date_gmt":"2020-05-16T11:37:50","guid":{"rendered":"https:\/\/www.caririemacao.com\/1\/?p=169882"},"modified":"2020-05-16T08:37:50","modified_gmt":"2020-05-16T11:37:50","slug":"damares-sobre-uso-de-cloroquina-voces-querem-que-um-anjo-desca-do-ceu-para-dizer-que-o-remedio-da-certo","status":"publish","type":"post","link":"https:\/\/www.caririemacao.com\/1\/2020\/05\/16\/damares-sobre-uso-de-cloroquina-voces-querem-que-um-anjo-desca-do-ceu-para-dizer-que-o-remedio-da-certo\/","title":{"rendered":"Damares sobre uso de cloroquina: \u201cVoc\u00eas querem que um anjo des\u00e7a do c\u00e9u para dizer que o rem\u00e9dio d\u00e1 certo?\u201d"},"content":{"rendered":"\n<h1 class=\"wp-block-heading\"><\/h1>\n\n\n\n<p>A ministra Damares Alves (Direitos Humanos) defendeu o uso da cloroquina durante visita \u00e0 cidade de Floriano (PI), nesta quinta (14), onde foi buscar um protocolo de atendimento a pacientes de coronav\u00edrus do rem\u00e9dio que divide a classe m\u00e9dica.<\/p>\n\n\n\n<p>\u201cN\u00e3o tem comprova\u00e7\u00e3o cient\u00edfica? Como n\u00e3o tem? S\u00e3o milhares de p\u00e1ginas escritas por cientistas no mundo inteiro que o rem\u00e9dio d\u00e1 certo, que a combina\u00e7\u00e3o de rem\u00e9dios\u2026 O que mais querem? Que um anjo des\u00e7a do c\u00e9u para dizer que o rem\u00e9dio d\u00e1 certo?\u201d, disse a ministra.<\/p>\n\n\n\n<p>O presidente Jair Bolsonaro (Sem Partido-RJ), que luta pela aplica\u00e7\u00e3o do rem\u00e9dio, pediu \u00e0 ministra que fosse \u00e0 cidade.<\/p>\n\n\n\n<p>A ministra, de acordo com a coluna Painel, da Folha, elogiou o protocolo piauiense e disse que havia ficado \u201cimpactada\u201d com os resultados observados. Vinte pacientes foram tratados nos \u00faltimos 15 dias usando a hidroxicloroquina na primeira fase da doen\u00e7a, quando aparecem os sintomas.<\/p>\n\n\n\n<p>O coordenador do Hospital Regional Nunes, Justino Moreira, no entanto, afirmou \u00e0 coluna que \u00e9 \u201cfake\u201d atribuir o \u00eaxito do tratamento \u00e0 cloroquina e enfatizou a relev\u00e2ncia de cortic\u00f3ides e anticoagulantes na fase dois da doen\u00e7a, quando o paciente \u00e9 internado.<\/p>\n\n\n\n<p>\u201cAntes, a gente usava s\u00f3 a cloroquina na segunda fase (de interna\u00e7\u00e3o), n\u00e3o adiantava, n\u00e3o. A pessoa evolu\u00eda mal e morria. Possivelmente, n\u00e3o \u00e9 a cloroquina a respons\u00e1vel pelo resultado. Na fase grave, ela \u00e9 insignificante, mas talvez na fase precoce ajude o organismo a se defender\u201d, afirma Moreira.<\/p>\n\n\n\n<p><strong>LEIA MAIS<\/strong>:&nbsp;<a href=\"https:\/\/www.clickpb.com.br\/brasil\/bolsonaro-defende-protocolo-diferente-para-covid-19-diz-braga-netto-284065.html\">Bolsonaro defende protocolo diferente para covid-19, diz Braga Netto<\/a><\/p>\n\n\n\n<p>\u201cO tratamento \u00e9 efetivo, porque o paciente melhora r\u00e1pido. Mas n\u00e3o \u00e9 a cloroquina que est\u00e1 resolvendo o problema, isso \u00e9 fake. Na verdade pegaram uma parte do protocolo e disseram que \u00e9 a cloroquina, mas n\u00e3o \u00e9\u201d, diz o m\u00e9dico.<\/p>\n\n\n\n<p>Damares, que n\u00e3o tem forma\u00e7\u00e3o m\u00e9dica, disse que foi \u00e0 cidade porque \u00e9 direito dos pacientes saber que existe esse protocolo e de escolher. E que, al\u00e9m disso, o primeiro direito \u00e9 o direito \u00e0 vida.<\/p>\n","protected":false},"excerpt":{"rendered":"<p>A ministra Damares Alves (Direitos Humanos) defendeu o uso da cloroquina durante visita \u00e0 cidade de Floriano (PI), nesta quinta (14), onde foi buscar um&hellip; <\/p>\n","protected":false},"author":2,"featured_media":169883,"comment_status":"closed","ping_status":"closed","sticky":false,"template":"","format":"standard","meta":{"sfsi_plus_gutenberg_text_before_share":"","sfsi_plus_gutenberg_show_text_before_share":"","sfsi_plus_gutenberg_icon_type":"","sfsi_plus_gutenberg_icon_alignemt":"","sfsi_plus_gutenburg_max_per_row":"","footnotes":""},"categories":[2],"tags":[],"class_list":["post-169882","post","type-post","status-publish","format-standard","has-post-thumbnail","hentry","category-geral"],"_links":{"self":[{"href":"https:\/\/www.caririemacao.com\/1\/wp-json\/wp\/v2\/posts\/169882","targetHints":{"allow":["GET"]}}],"collection":[{"href":"https:\/\/www.caririemacao.com\/1\/wp-json\/wp\/v2\/posts"}],"about":[{"href":"https:\/\/www.caririemacao.com\/1\/wp-json\/wp\/v2\/types\/post"}],"author":[{"embeddable":true,"href":"https:\/\/www.caririemacao.com\/1\/wp-json\/wp\/v2\/users\/2"}],"replies":[{"embeddable":true,"href":"https:\/\/www.caririemacao.com\/1\/wp-json\/wp\/v2\/comments?post=169882"}],"version-history":[{"count":1,"href":"https:\/\/www.caririemacao.com\/1\/wp-json\/wp\/v2\/posts\/169882\/revisions"}],"predecessor-version":[{"id":169884,"href":"https:\/\/www.caririemacao.com\/1\/wp-json\/wp\/v2\/posts\/169882\/revisions\/169884"}],"wp:featuredmedia":[{"embeddable":true,"href":"https:\/\/www.caririemacao.com\/1\/wp-json\/wp\/v2\/media\/169883"}],"wp:attachment":[{"href":"https:\/\/www.caririemacao.com\/1\/wp-json\/wp\/v2\/media?parent=169882"}],"wp:term":[{"taxonomy":"category","embeddable":true,"href":"https:\/\/www.caririemacao.com\/1\/wp-json\/wp\/v2\/categories?post=169882"},{"taxonomy":"post_tag","embeddable":true,"href":"https:\/\/www.caririemacao.com\/1\/wp-json\/wp\/v2\/tags?post=169882"}],"curies":[{"name":"wp","href":"https:\/\/api.w.org\/{rel}","templated":true}]}}