{"id":169892,"date":"2020-05-16T10:10:46","date_gmt":"2020-05-16T13:10:46","guid":{"rendered":"https:\/\/www.caririemacao.com\/1\/?p=169892"},"modified":"2020-05-16T10:10:46","modified_gmt":"2020-05-16T13:10:46","slug":"alertas-de-acumulado-e-perigo-de-chuva-para-131-cidades-da-paraiba-e-renovado-pelo-inmet-veja-lista","status":"publish","type":"post","link":"https:\/\/www.caririemacao.com\/1\/2020\/05\/16\/alertas-de-acumulado-e-perigo-de-chuva-para-131-cidades-da-paraiba-e-renovado-pelo-inmet-veja-lista\/","title":{"rendered":"Alertas de acumulado e perigo de chuva para 131 cidades da Para\u00edba \u00e9 renovado pelo Inmet, veja lista"},"content":{"rendered":"\n<p>O\u00a0Instituto Nacional de Meteorologia (Inmet) emitiu dois alertas, sendo um laranja de acumulado de chuva e um amarelo de perigo potencial de chuvas intensas para 131 cidades da Para\u00edba. No total, s\u00e3o 80 cidades em alerta de acumulado e 63 de perigo potencial, sendo 12 nas duas listas. Os alertas valem at\u00e9 \u00e0s 10h de domingo (17).<\/p>\n\n\n\n<p>No caso das cidades em alerta de acumulado de chuva,\u00a0que j\u00e1 estavam sob alerta de perigo desde o in\u00edcio da manh\u00e3\u00a0desta sexta-feira (15), o Inmet diz que pode chover entre 30 e 60 mil\u00edmetros por hora, ou at\u00e9 100 mil\u00edmetros por dia.<\/p>\n\n\n\n<p>Nestas cidades, h\u00e1 riscos de alagamentos, deslizamento de encostas e transbordamento de rios. O \u00f3rg\u00e3o orienta que as pessoas evitem enfrentar o mau tempo; observem as altera\u00e7\u00f5es nas encostas; desliguem, se poss\u00edvel, os aparelhos el\u00e9tricos e o quadro geral de energia; e em caso de inunda\u00e7\u00e3o, proteger pertences envolvendo-os em sacos pl\u00e1sticos.<\/p>\n\n\n\n<p>J\u00e1 nas cidades que est\u00e3o em alerta amarelo de perigo potencial de chuvas, pode chover de 20 a 30 mil\u00edmetros por hora ou at\u00e9 50 mil\u00edmetros por dia. Os ventos podem ser intensos, de 40 a 60 km\/h nestas cidades, com baixo risco de corte de energia el\u00e9trica, queda de galhos de \u00e1rvores, alagamentos e descargas el\u00e9tricas.<\/p>\n\n\n\n<p>O Inmet recomenda que os moradores, em caso de rajadas de vento, evitem se abrigar embaixo de \u00e1rvores. Ve\u00edculos tamb\u00e9m n\u00e3o devem ser estacionados pr\u00f3ximos a torres de transmiss\u00e3o e placas de propaganda. A popula\u00e7\u00e3o deve evitar utilizar aparelhos eletr\u00f4nicos ligados \u00e0 tomada.<\/p>\n\n\n\n<p>Caso haja algum problema, o \u00f3rg\u00e3o orienta que as pessoas entrem em contato com a Defesa Civil, por meio do n\u00famero 199, e com o Corpo de Bombeiros, por meio do n\u00famero 193.<\/p>\n\n\n\n<p>Cidades em alerta amarelo de perigo potencial de chuvas intensas:<\/p>\n\n\n\n<ul class=\"wp-block-list\"><li>Alagoa Grande<\/li><li>Alagoa Nova<\/li><li>Alcantil<\/li><li>Algod\u00e3o De Janda\u00edra<\/li><li>Arara<\/li><li>Araruna<\/li><li>Areia<\/li><li>Areial<\/li><li>Aroeiras<\/li><li>Assun\u00e7\u00e3o<\/li><li>Bara\u00fana<\/li><li>Barra De Santa Rosa<\/li><li>Barra De Santana<\/li><li>Barra De S\u00e3o Miguel<\/li><li>Bel\u00e9m Do Brejo Do Cruz<\/li><li>Boa Vista<\/li><li>Boqueir\u00e3o<\/li><li>Brejo Do Cruz<\/li><li>Brejo Dos Santos<\/li><li>Cabaceiras<\/li><li>Cacimba De Dentro<\/li><li>Campina Grande<\/li><li>Casserengue<\/li><li>Catol\u00e9 Do Rocha<\/li><li>Caturit\u00e9<\/li><li>Cubati<\/li><li>Cuit\u00e9<\/li><li>Dami\u00e3o<\/li><li>Dona In\u00eas<\/li><li>Esperan\u00e7a<\/li><li>Fagundes<\/li><li>Frei Martinho<\/li><li>Gado Bravo<\/li><li>Gurj\u00e3o<\/li><li>Ing\u00e1<\/li><li>Itatuba<\/li><li>Juarez T\u00e1vora<\/li><li>Juazeirinho<\/li><li>Junco Do Serid\u00f3<\/li><li>Lagoa Seca<\/li><li>Massaranduba<\/li><li>Matinhas<\/li><li>Montadas<\/li><li>Natuba<\/li><li>Nova Floresta<\/li><li>Nova Palmeira<\/li><li>Olivedos<\/li><li>Paulista<\/li><li>Pedra Lavrada<\/li><li>Picu\u00ed<\/li><li>Pil\u00f5es<\/li><li>Pocinhos<\/li><li>Puxinan\u00e3<\/li><li>Queimadas<\/li><li>Rem\u00edgio<\/li><li>Riacho De Santo Ant\u00f4nio<\/li><li>Riacho Dos Cavalos<\/li><li>Riach\u00e3o Do Bacamarte<\/li><li>Salgadinho<\/li><li>Salgado De S\u00e3o F\u00e9lix<\/li><li>Santa Cec\u00edlia<\/li><li>Santa Luzia<\/li><li>Santo Andr\u00e9<\/li><li>Serra Redonda<\/li><li>Serraria<\/li><li>Soledade<\/li><li>Sol\u00e2nea<\/li><li>Soss\u00eago<\/li><li>S\u00e3o Bento<\/li><li>S\u00e3o Jos\u00e9 De Espinharas<\/li><li>S\u00e3o Jos\u00e9 Do Brejo Do Cruz<\/li><li>S\u00e3o Jos\u00e9 Do Sabugi<\/li><li>S\u00e3o Jo\u00e3o Do Cariri<\/li><li>S\u00e3o Mamede<\/li><li>S\u00e3o Sebasti\u00e3o De Lagoa De Ro\u00e7a<\/li><li>S\u00e3o Vicente Do Serid\u00f3<\/li><li>Tapero\u00e1<\/li><li>Ten\u00f3rio<\/li><li>Umbuzeiro<\/li><li>V\u00e1rzea<\/li><\/ul>\n\n\n\n<p>Cidades em alerta laranja de acumulado de chuvas:<\/p>\n\n\n\n<ul class=\"wp-block-list\"><li>Alagoa Grande<\/li><li>Alagoinha<\/li><li>Alhandra<\/li><li>Araruna<\/li><li>Ara\u00e7agi<\/li><li>Areia<\/li><li>Bananeiras<\/li><li>Bayeux<\/li><li>Ba\u00eda Da Trai\u00e7\u00e3o<\/li><li>Bel\u00e9m<\/li><li>Borborema<\/li><li>Caapor\u00e3<\/li><li>Cai\u00e7ara<\/li><li>Caldas Brand\u00e3o<\/li><li>Capim<\/li><li>Conde<\/li><li>Cruz Do Esp\u00edrito Santo<\/li><li>Cuitegi<\/li><li>Cuit\u00e9 De Mamanguape<\/li><li>Curral De Cima<\/li><li>Dona In\u00eas<\/li><li>Duas Estradas<\/li><li>Guarabira<\/li><li>Gurinh\u00e9m<\/li><li>Ing\u00e1<\/li><li>Itabaiana<\/li><li>Itapororoca<\/li><li>Itatuba<\/li><li>Jacara\u00fa<\/li><li>Jo\u00e3o Pessoa<\/li><li>Juarez T\u00e1vora<\/li><li>Juripiranga<\/li><li>Lagoa De Dentro<\/li><li>Logradouro<\/li><li>Lucena<\/li><li>Mamanguape<\/li><li>Marca\u00e7\u00e3o<\/li><li>Mari<\/li><li>Mataraca<\/li><li>Mogeiro<\/li><li>Mulungu<\/li><li>Natuba<\/li><li>Pedras De Fogo<\/li><li>Pedro R\u00e9gis<\/li><li>Pilar<\/li><li>Pil\u00f5es<\/li><li>Pil\u00f5ezinhos<\/li><li>Pirpirituba<\/li><li>Pitimbu<\/li><li>Riach\u00e3o<\/li><li>Riach\u00e3o Do Po\u00e7o<\/li><li>Rio Tinto<\/li><li>Salgado De S\u00e3o F\u00e9lix<\/li><li>Santa Rita<\/li><li>Sap\u00e9<\/li><li>Serra Da Raiz<\/li><li>Serraria<\/li><li>Sert\u00e3ozinho<\/li><li>Sobrado<\/li><li>Sol\u00e2nea<\/li><li>S\u00e3o Jos\u00e9 Dos Ramos<\/li><li>S\u00e3o Miguel De Taipu<\/li><li>Tacima<\/li><\/ul>\n","protected":false},"excerpt":{"rendered":"<p>O\u00a0Instituto Nacional de Meteorologia (Inmet) emitiu dois alertas, sendo um laranja de acumulado de chuva e um amarelo de perigo potencial de chuvas intensas para&hellip; <\/p>\n","protected":false},"author":1,"featured_media":169893,"comment_status":"closed","ping_status":"closed","sticky":false,"template":"","format":"standard","meta":{"sfsi_plus_gutenberg_text_before_share":"","sfsi_plus_gutenberg_show_text_before_share":"","sfsi_plus_gutenberg_icon_type":"","sfsi_plus_gutenberg_icon_alignemt":"","sfsi_plus_gutenburg_max_per_row":"","footnotes":""},"categories":[6,2],"tags":[],"class_list":["post-169892","post","type-post","status-publish","format-standard","has-post-thumbnail","hentry","category-cidades","category-geral"],"_links":{"self":[{"href":"https:\/\/www.caririemacao.com\/1\/wp-json\/wp\/v2\/posts\/169892","targetHints":{"allow":["GET"]}}],"collection":[{"href":"https:\/\/www.caririemacao.com\/1\/wp-json\/wp\/v2\/posts"}],"about":[{"href":"https:\/\/www.caririemacao.com\/1\/wp-json\/wp\/v2\/types\/post"}],"author":[{"embeddable":true,"href":"https:\/\/www.caririemacao.com\/1\/wp-json\/wp\/v2\/users\/1"}],"replies":[{"embeddable":true,"href":"https:\/\/www.caririemacao.com\/1\/wp-json\/wp\/v2\/comments?post=169892"}],"version-history":[{"count":1,"href":"https:\/\/www.caririemacao.com\/1\/wp-json\/wp\/v2\/posts\/169892\/revisions"}],"predecessor-version":[{"id":169894,"href":"https:\/\/www.caririemacao.com\/1\/wp-json\/wp\/v2\/posts\/169892\/revisions\/169894"}],"wp:featuredmedia":[{"embeddable":true,"href":"https:\/\/www.caririemacao.com\/1\/wp-json\/wp\/v2\/media\/169893"}],"wp:attachment":[{"href":"https:\/\/www.caririemacao.com\/1\/wp-json\/wp\/v2\/media?parent=169892"}],"wp:term":[{"taxonomy":"category","embeddable":true,"href":"https:\/\/www.caririemacao.com\/1\/wp-json\/wp\/v2\/categories?post=169892"},{"taxonomy":"post_tag","embeddable":true,"href":"https:\/\/www.caririemacao.com\/1\/wp-json\/wp\/v2\/tags?post=169892"}],"curies":[{"name":"wp","href":"https:\/\/api.w.org\/{rel}","templated":true}]}}