{"id":169895,"date":"2020-05-16T10:16:22","date_gmt":"2020-05-16T13:16:22","guid":{"rendered":"https:\/\/www.caririemacao.com\/1\/?p=169895"},"modified":"2020-05-16T10:16:22","modified_gmt":"2020-05-16T13:16:22","slug":"divulgada-16a-convocacao-de-profissionais-de-saude-para-atuar-no-combate-a-covid-19-na-pb","status":"publish","type":"post","link":"https:\/\/www.caririemacao.com\/1\/2020\/05\/16\/divulgada-16a-convocacao-de-profissionais-de-saude-para-atuar-no-combate-a-covid-19-na-pb\/","title":{"rendered":"Divulgada 16\u00aa convoca\u00e7\u00e3o de profissionais de sa\u00fade para atuar no combate a Covid-19 na PB"},"content":{"rendered":"\n<p>A Secretaria de Sa\u00fade da Para\u00edba divulgou atrav\u00e9s do Di\u00e1rio Oficial do Estado a 16\u00aa convoca\u00e7\u00e3o de profissionais de sa\u00fade em car\u00e1ter de urg\u00eancia para atuarem no combate ao coronav\u00edrus no estado. A lista foi publicada neste s\u00e1bado (16).<\/p>\n\n\n\n<p>Segundo a publica\u00e7\u00e3o, os candidatos convocados devem comparecer aos locais de trabalho que foram designados com a c\u00f3pias acompanhadas dos documentos originais exigidos no edital da chamada p\u00fablica, divulgado no\u00a0Di\u00e1rio Oficial de 24 de mar\u00e7o.<\/p>\n\n\n\n<p>A apresenta\u00e7\u00e3o dos profissionais devem acontecer entre segunda-feira (18) e ter\u00e7a-feira (19). Foram convocados enfermeiros, t\u00e9cnicos em enfermagem, bioqu\u00edmicos, t\u00e9cnicos em laborat\u00f3rio, fisioterapeutas e um biom\u00e9dico.<\/p>\n\n\n\n<p>Os profissionais ir\u00e3o atuar no combate \u00e0 Covid-19 no Hospital Clementino Fraga, em Jo\u00e3o Pessoa, na Unidade de Pronto Atendimento e Hospital Metropolitano Dom Jos\u00e9 Maria Pires em Santa Rita, e no Complexo Hospitalar Regional Deputado Janduhy Carneiro em Patos, Sert\u00e3o do estado.<\/p>\n\n\n\n<p>No Di\u00e1rio Oficial do Estado deste s\u00e1bado (17) tamb\u00e9m foi divulgado a 8\u00aa convoca\u00e7\u00e3o do\u00a0Processo Seletivo Simplificado de 14 de abril.<\/p>\n\n\n\n<figure class=\"wp-block-image\"><img decoding=\"async\" data-src=\"https:\/\/s2.glbimg.com\/HvSUDysX23VsVLXkejetD85xcXI=\/0x0:1334x750\/984x0\/smart\/filters:strip_icc()\/i.s3.glbimg.com\/v1\/AUTH_59edd422c0c84a879bd37670ae4f538a\/internal_photos\/bs\/2018\/I\/R\/qAuxiQQBWgTIzdBBwuzQ\/upa.jpg\" alt=\"Unidade de Pronto Atendimento (UPA) de Tibiri II, na cidade de Santa Rita, PB \u2014 Foto: Reprodu\u00e7\u00e3o\/TV Cabo Branco\" src=\"data:image\/svg+xml;base64,PHN2ZyB3aWR0aD0iMSIgaGVpZ2h0PSIxIiB4bWxucz0iaHR0cDovL3d3dy53My5vcmcvMjAwMC9zdmciPjwvc3ZnPg==\" class=\"lazyload\" \/><\/figure>\n\n\n\n<p>Unidade de Pronto Atendimento (UPA) de Tibiri II, na cidade de Santa Rita, PB \u2014 Foto: Reprodu\u00e7\u00e3o\/TV Cabo Branco<\/p>\n","protected":false},"excerpt":{"rendered":"<p>A Secretaria de Sa\u00fade da Para\u00edba divulgou atrav\u00e9s do Di\u00e1rio Oficial do Estado a 16\u00aa convoca\u00e7\u00e3o de profissionais de sa\u00fade em car\u00e1ter de urg\u00eancia para&hellip; <\/p>\n","protected":false},"author":1,"featured_media":169896,"comment_status":"closed","ping_status":"closed","sticky":false,"template":"","format":"standard","meta":{"sfsi_plus_gutenberg_text_before_share":"","sfsi_plus_gutenberg_show_text_before_share":"","sfsi_plus_gutenberg_icon_type":"","sfsi_plus_gutenberg_icon_alignemt":"","sfsi_plus_gutenburg_max_per_row":"","footnotes":""},"categories":[16],"tags":[],"class_list":["post-169895","post","type-post","status-publish","format-standard","has-post-thumbnail","hentry","category-saude"],"_links":{"self":[{"href":"https:\/\/www.caririemacao.com\/1\/wp-json\/wp\/v2\/posts\/169895","targetHints":{"allow":["GET"]}}],"collection":[{"href":"https:\/\/www.caririemacao.com\/1\/wp-json\/wp\/v2\/posts"}],"about":[{"href":"https:\/\/www.caririemacao.com\/1\/wp-json\/wp\/v2\/types\/post"}],"author":[{"embeddable":true,"href":"https:\/\/www.caririemacao.com\/1\/wp-json\/wp\/v2\/users\/1"}],"replies":[{"embeddable":true,"href":"https:\/\/www.caririemacao.com\/1\/wp-json\/wp\/v2\/comments?post=169895"}],"version-history":[{"count":1,"href":"https:\/\/www.caririemacao.com\/1\/wp-json\/wp\/v2\/posts\/169895\/revisions"}],"predecessor-version":[{"id":169897,"href":"https:\/\/www.caririemacao.com\/1\/wp-json\/wp\/v2\/posts\/169895\/revisions\/169897"}],"wp:featuredmedia":[{"embeddable":true,"href":"https:\/\/www.caririemacao.com\/1\/wp-json\/wp\/v2\/media\/169896"}],"wp:attachment":[{"href":"https:\/\/www.caririemacao.com\/1\/wp-json\/wp\/v2\/media?parent=169895"}],"wp:term":[{"taxonomy":"category","embeddable":true,"href":"https:\/\/www.caririemacao.com\/1\/wp-json\/wp\/v2\/categories?post=169895"},{"taxonomy":"post_tag","embeddable":true,"href":"https:\/\/www.caririemacao.com\/1\/wp-json\/wp\/v2\/tags?post=169895"}],"curies":[{"name":"wp","href":"https:\/\/api.w.org\/{rel}","templated":true}]}}