{"id":169898,"date":"2020-05-16T10:26:33","date_gmt":"2020-05-16T13:26:33","guid":{"rendered":"https:\/\/www.caririemacao.com\/1\/?p=169898"},"modified":"2020-05-16T10:26:33","modified_gmt":"2020-05-16T13:26:33","slug":"afinal-as-luvas-descartaveis-protegem-contra-novo-coronavirus","status":"publish","type":"post","link":"https:\/\/www.caririemacao.com\/1\/2020\/05\/16\/afinal-as-luvas-descartaveis-protegem-contra-novo-coronavirus\/","title":{"rendered":"Afinal, as luvas descart\u00e1veis protegem contra novo coronav\u00edrus?"},"content":{"rendered":"\n<p>N\u00e3o existem d\u00favidas: a forma mais eficiente de preven\u00e7\u00e3o da Covid-19 \u00e9 fazer a higiene das m\u00e3os corretamente, lavando com \u00e1gua e sab\u00e3o, ou \u00e1lcool em gel 70%.<\/p>\n\n\n\n<p>Com a orienta\u00e7\u00e3o da Organiza\u00e7\u00e3o Mundial de Sa\u00fade (OMS) para redobrar os cuidados devido a pandemia do novo coronav\u00edrus, muitas pessoas passaram a adotar luvas com o intuito de refor\u00e7ar a prote\u00e7\u00e3o. Mas afinal, as luvas descart\u00e1veis oferecem prote\u00e7\u00e3o?<\/p>\n\n\n\n<p>Embora as luvas descart\u00e1veis sejam usadas em ambientes hospitalares, por profissionais da sa\u00fade, elas protegem as m\u00e3os apenas de contamina\u00e7\u00e3o grosseira, como sangue ou outros fluidos corporais. Como elas n\u00e3o podem (nem devem) ser higienizadas, us\u00e1-las no transporte p\u00fablico, no com\u00e9rcio e no trabalho sem que isso seja acompanhado de h\u00e1bitos como n\u00e3o tocar o rosto e n\u00e3o higienizar as m\u00e3os ap\u00f3s remover as luvas n\u00e3o oferece prote\u00e7\u00e3o.<\/p>\n\n\n\n<p>Inclusive, elas podem at\u00e9 aumentar o risco de uma infec\u00e7\u00e3o, pois a pele come\u00e7a a suar muito rapidamente sob as luvas. E o clima quente e \u00famido \u00e9 o ambiente ideal para bact\u00e9rias e v\u00edrus de todos os tipos.<\/p>\n\n\n\n<p>De acordo com a infectologista do Sistema Hapvida, Ana Carolina Lemes David, a luva n\u00e3o substitui a higieniza\u00e7\u00e3o das m\u00e3os, mas mesmo assim, quem optar por us\u00e1-las, deve fazer de forma adequada.<\/p>\n\n\n\n<p>\u201cAs luvas passaram a ser usadas pelas pessoas para evitar o contato com superf\u00edcies contaminadas. Por\u00e9m, \u00e9 preciso ter aten\u00e7\u00e3o e n\u00e3o tocar na face, boca, nariz, olhos, bolsa, celular, \u00f3culos ou qualquer pertence com as luvas, uma vez que se elas estiverem contaminadas, podem infectar a pr\u00f3pria pessoa\u201d, explica.<\/p>\n\n\n\n<p>Assim, a especialista alerta que a principal forma de preven\u00e7\u00e3o contra a Covid-19 \u00e9 lavar as m\u00e3os com \u00e1gua e sab\u00e3o frequentemente, principalmente ap\u00f3s tossir, espirrar e ir ao banheiro. Al\u00e9m disso, \u00e9 importante refor\u00e7ar a higiene com \u00e1lcool gel.<\/p>\n\n\n\n<p>\u201cCom esses pequenos cuidados, \u00e9 poss\u00edvel evitar que o v\u00edrus acesse o organismo ap\u00f3s o contato com uma superf\u00edcie contaminada. Lembrando que essas medidas, ali\u00e1s, podem afastar o risco de gripe e outras infec\u00e7\u00f5es\u201d, finaliza a m\u00e9dica.<\/p>\n","protected":false},"excerpt":{"rendered":"<p>N\u00e3o existem d\u00favidas: a forma mais eficiente de preven\u00e7\u00e3o da Covid-19 \u00e9 fazer a higiene das m\u00e3os corretamente, lavando com \u00e1gua e sab\u00e3o, ou \u00e1lcool&hellip; <\/p>\n","protected":false},"author":2,"featured_media":169899,"comment_status":"closed","ping_status":"closed","sticky":false,"template":"","format":"standard","meta":{"sfsi_plus_gutenberg_text_before_share":"","sfsi_plus_gutenberg_show_text_before_share":"","sfsi_plus_gutenberg_icon_type":"","sfsi_plus_gutenberg_icon_alignemt":"","sfsi_plus_gutenburg_max_per_row":"","footnotes":""},"categories":[50,16],"tags":[],"class_list":["post-169898","post","type-post","status-publish","format-standard","has-post-thumbnail","hentry","category-destaque","category-saude"],"_links":{"self":[{"href":"https:\/\/www.caririemacao.com\/1\/wp-json\/wp\/v2\/posts\/169898","targetHints":{"allow":["GET"]}}],"collection":[{"href":"https:\/\/www.caririemacao.com\/1\/wp-json\/wp\/v2\/posts"}],"about":[{"href":"https:\/\/www.caririemacao.com\/1\/wp-json\/wp\/v2\/types\/post"}],"author":[{"embeddable":true,"href":"https:\/\/www.caririemacao.com\/1\/wp-json\/wp\/v2\/users\/2"}],"replies":[{"embeddable":true,"href":"https:\/\/www.caririemacao.com\/1\/wp-json\/wp\/v2\/comments?post=169898"}],"version-history":[{"count":1,"href":"https:\/\/www.caririemacao.com\/1\/wp-json\/wp\/v2\/posts\/169898\/revisions"}],"predecessor-version":[{"id":169900,"href":"https:\/\/www.caririemacao.com\/1\/wp-json\/wp\/v2\/posts\/169898\/revisions\/169900"}],"wp:featuredmedia":[{"embeddable":true,"href":"https:\/\/www.caririemacao.com\/1\/wp-json\/wp\/v2\/media\/169899"}],"wp:attachment":[{"href":"https:\/\/www.caririemacao.com\/1\/wp-json\/wp\/v2\/media?parent=169898"}],"wp:term":[{"taxonomy":"category","embeddable":true,"href":"https:\/\/www.caririemacao.com\/1\/wp-json\/wp\/v2\/categories?post=169898"},{"taxonomy":"post_tag","embeddable":true,"href":"https:\/\/www.caririemacao.com\/1\/wp-json\/wp\/v2\/tags?post=169898"}],"curies":[{"name":"wp","href":"https:\/\/api.w.org\/{rel}","templated":true}]}}