{"id":169902,"date":"2020-05-16T10:36:21","date_gmt":"2020-05-16T13:36:21","guid":{"rendered":"https:\/\/www.caririemacao.com\/1\/?p=169902"},"modified":"2020-05-16T10:36:21","modified_gmt":"2020-05-16T13:36:21","slug":"amcap-e-cisco-pedem-ao-governo-do-estado-instalacao-de-uti-na-regiao-do-cariri","status":"publish","type":"post","link":"https:\/\/www.caririemacao.com\/1\/2020\/05\/16\/amcap-e-cisco-pedem-ao-governo-do-estado-instalacao-de-uti-na-regiao-do-cariri\/","title":{"rendered":"AMCAP e CISCO pedem ao Governo do Estado instala\u00e7\u00e3o de UTI na regi\u00e3o do Cariri"},"content":{"rendered":"\n<p>A Associa\u00e7\u00e3o dos Munic\u00edpios do Cariri Paraibano (AMCAP), representada por seu presidente Ronaldo Queiroz, e o Cons\u00f3rcio Intermunicipal de Sa\u00fade (CISCO), representada por seu presidente Jefferson Roberto, encaminharam ao governador Jo\u00e3o Azevedo e ao secret\u00e1rio estadual de sa\u00fade, Geraldo Medeiros, of\u00edcio solicitando a implanta\u00e7\u00e3o de leitos de UTI em um dos hospitais do Cariri.<\/p>\n\n\n\n<p>Nos documentos, os gestores demonstraram que a regi\u00e3o do Cariri Ocidental, com 18 munic\u00edpios interligados, s\u00f3 possui tr\u00eas hospitais para atender toda sua popula\u00e7\u00e3o. Destes, nenhum possui leitos de UTI e poucos s\u00e3o os respiradores que existem.<\/p>\n\n\n\n<p>\u201cEstamos visualizando o n\u00famero de casos de Covid-19 crescerem aceleradamente. Campina Grande e Jo\u00e3o Pessoa caminham para o colapso. Queremos encontrar juntos uma sa\u00edda para fazer com que nossa popula\u00e7\u00e3o n\u00e3o dependa exclusivamente de leitos em Campina Grande\u201d, destacou o prefeito Jefferson Roberto no documento do CISCO.<\/p>\n\n\n\n<p>O presidente da AMCAP, Ronaldo Queiroz, solicitou por sua vez em seu documento uma reuni\u00e3o por videoconfer\u00eancia com o excelent\u00edssimo senhor governador Jo\u00e3o Azevedo e seu secret\u00e1rio, o m\u00e9dico Dr. Geraldo Medeiros, a fim de encontrar uma sa\u00edda t\u00e9cnica e uma parceria onde seja poss\u00edvel viabilizar leitos de ventila\u00e7\u00e3o nos hospitais da regi\u00e3o, como ainda acelerar a implanta\u00e7\u00e3o da UTI j\u00e1 prometida para o Hospital Santa Filomena em Monteiro.<\/p>\n\n\n\n<p><\/p>\n\n\n\n<p><strong>Veja os documentos enviados:<\/strong><img fetchpriority=\"high\" decoding=\"async\" src=\"http:\/\/deolhonocariri.com.br\/wp-content\/uploads\/2020\/05\/amcap_documento.jpg\" alt=\"\" width=\"750\" height=\"956\" srcset=\"https:\/\/deolhonocariri.com.br\/wp-content\/uploads\/2020\/05\/amcap_documento.jpg 750w, https:\/\/deolhonocariri.com.br\/wp-content\/uploads\/2020\/05\/amcap_documento-471x600.jpg 471w, https:\/\/deolhonocariri.com.br\/wp-content\/uploads\/2020\/05\/amcap_documento-314x400.jpg 314w\"><\/p>\n\n\n\n<figure class=\"wp-block-image\"><img decoding=\"async\" data-src=\"http:\/\/deolhonocariri.com.br\/wp-content\/uploads\/2020\/05\/cisco_documento.jpg\" alt=\"\" class=\"wp-image-82502 lazyload\" src=\"data:image\/svg+xml;base64,PHN2ZyB3aWR0aD0iMSIgaGVpZ2h0PSIxIiB4bWxucz0iaHR0cDovL3d3dy53My5vcmcvMjAwMC9zdmciPjwvc3ZnPg==\" \/><\/figure>\n","protected":false},"excerpt":{"rendered":"<p>A Associa\u00e7\u00e3o dos Munic\u00edpios do Cariri Paraibano (AMCAP), representada por seu presidente Ronaldo Queiroz, e o Cons\u00f3rcio Intermunicipal de Sa\u00fade (CISCO), representada por seu presidente&hellip; <\/p>\n","protected":false},"author":2,"featured_media":169321,"comment_status":"closed","ping_status":"closed","sticky":false,"template":"","format":"standard","meta":{"sfsi_plus_gutenberg_text_before_share":"","sfsi_plus_gutenberg_show_text_before_share":"","sfsi_plus_gutenberg_icon_type":"","sfsi_plus_gutenberg_icon_alignemt":"","sfsi_plus_gutenburg_max_per_row":"","footnotes":""},"categories":[6,50],"tags":[],"class_list":["post-169902","post","type-post","status-publish","format-standard","has-post-thumbnail","hentry","category-cidades","category-destaque"],"_links":{"self":[{"href":"https:\/\/www.caririemacao.com\/1\/wp-json\/wp\/v2\/posts\/169902","targetHints":{"allow":["GET"]}}],"collection":[{"href":"https:\/\/www.caririemacao.com\/1\/wp-json\/wp\/v2\/posts"}],"about":[{"href":"https:\/\/www.caririemacao.com\/1\/wp-json\/wp\/v2\/types\/post"}],"author":[{"embeddable":true,"href":"https:\/\/www.caririemacao.com\/1\/wp-json\/wp\/v2\/users\/2"}],"replies":[{"embeddable":true,"href":"https:\/\/www.caririemacao.com\/1\/wp-json\/wp\/v2\/comments?post=169902"}],"version-history":[{"count":1,"href":"https:\/\/www.caririemacao.com\/1\/wp-json\/wp\/v2\/posts\/169902\/revisions"}],"predecessor-version":[{"id":169903,"href":"https:\/\/www.caririemacao.com\/1\/wp-json\/wp\/v2\/posts\/169902\/revisions\/169903"}],"wp:featuredmedia":[{"embeddable":true,"href":"https:\/\/www.caririemacao.com\/1\/wp-json\/wp\/v2\/media\/169321"}],"wp:attachment":[{"href":"https:\/\/www.caririemacao.com\/1\/wp-json\/wp\/v2\/media?parent=169902"}],"wp:term":[{"taxonomy":"category","embeddable":true,"href":"https:\/\/www.caririemacao.com\/1\/wp-json\/wp\/v2\/categories?post=169902"},{"taxonomy":"post_tag","embeddable":true,"href":"https:\/\/www.caririemacao.com\/1\/wp-json\/wp\/v2\/tags?post=169902"}],"curies":[{"name":"wp","href":"https:\/\/api.w.org\/{rel}","templated":true}]}}