{"id":169905,"date":"2020-05-16T10:42:43","date_gmt":"2020-05-16T13:42:43","guid":{"rendered":"https:\/\/www.caririemacao.com\/1\/?p=169905"},"modified":"2020-05-16T10:42:43","modified_gmt":"2020-05-16T13:42:43","slug":"pt-ira-apresentar-pedido-de-impeachment-contra-presidente-jair-bolsonaro","status":"publish","type":"post","link":"https:\/\/www.caririemacao.com\/1\/2020\/05\/16\/pt-ira-apresentar-pedido-de-impeachment-contra-presidente-jair-bolsonaro\/","title":{"rendered":"PT ir\u00e1 apresentar pedido de impeachment contra presidente Jair Bolsonaro"},"content":{"rendered":"\n<p>O Partido dos Trabalhadores ir\u00e1 apresentar um pedido de impeachment contra o presidente Jair Bolsonaro (sem partido), de acordo com nota divulgada no site oficial do partido.<\/p>\n\n\n\n<p>&#8220;Com este governo, n\u00e3o d\u00e1 mais&#8221;, disse Gleisi Hoffmann, presidente do PT, em an\u00fancio com os l\u00edderes Jos\u00e9 Guimar\u00e3es e Enio Verri.&nbsp;<\/p>\n\n\n\n<p>&#8220;Bolsonaro \u00e9 incapaz de dar resposta \u00e0 crise que estamos vivendo e n\u00e3o tem condi\u00e7\u00f5es, nem capacidade administrativa e humana de conduzir o pa\u00eds. Briga com todo o mundo, e n\u00e3o protege o povo brasileiro&#8221;, completou.<\/p>\n\n\n\n<p>&#8220;\u00c9 preciso fazer avan\u00e7ar o pedido de impeachment. \u00c9 em respeito ao povo brasileiro e \u00e0 vida da popula\u00e7\u00e3o. Enquanto a popula\u00e7\u00e3o morre, temos um presidente irrespons\u00e1vel&#8221;, disse Verri, deputado federal e l\u00edder do PT na C\u00e2mara dos Deputados.<\/p>\n\n\n\n<p><strong>Novas Elei\u00e7\u00f5es<\/strong><\/p>\n\n\n\n<p>Al\u00e9m do impeachment de Bolsonaro, o PT vai lutar pela aprova\u00e7\u00e3o da Proposta de Emenda Constitucional&nbsp; 37\/2019, que prev\u00ea a realiza\u00e7\u00e3o de &#8220;elei\u00e7\u00f5es presidenciais em caso de vac\u00e2ncia do cargo, por qualquer motivo, at\u00e9 seis meses antes do fim do mandato&#8221;.<\/p>\n\n\n\n<p>&#8220;Essa posi\u00e7\u00e3o consolida a posi\u00e7\u00e3o das esquerdas e dos democratas brasileiros. N\u00e3o d\u00e1 mais para Bolsonaro continuar a conduzir os destinos do pa\u00eds&#8221;, disse Jos\u00e9 Guimar\u00e3es, l\u00edder da Minoria no Congresso.<\/p>\n\n\n\n<p><strong>Lula<\/strong><\/p>\n\n\n\n<p>No in\u00edcio de abril, o ex-presidente Luiz In\u00e1cio Lula da Silva chegou a afirmar que acredita na possibilidade de acontecer um impeachment contra o atual presidente.&nbsp;<\/p>\n\n\n\n<p>&#8220;Eu acho que n\u00f3s poderemos chegar a ter um pedido de impeachment do Bolsonaro, sim, na medida em que ficar provado o crime de responsabilidade e na medida que o presidente da C\u00e2mara resolva colocar em vota\u00e7\u00e3o o pedido de impeachment&#8221;.<\/p>\n","protected":false},"excerpt":{"rendered":"<p>O Partido dos Trabalhadores ir\u00e1 apresentar um pedido de impeachment contra o presidente Jair Bolsonaro (sem partido), de acordo com nota divulgada no site oficial&hellip; <\/p>\n","protected":false},"author":2,"featured_media":169617,"comment_status":"closed","ping_status":"closed","sticky":false,"template":"","format":"standard","meta":{"sfsi_plus_gutenberg_text_before_share":"","sfsi_plus_gutenberg_show_text_before_share":"","sfsi_plus_gutenberg_icon_type":"","sfsi_plus_gutenberg_icon_alignemt":"","sfsi_plus_gutenburg_max_per_row":"","footnotes":""},"categories":[11],"tags":[],"class_list":["post-169905","post","type-post","status-publish","format-standard","has-post-thumbnail","hentry","category-politica"],"_links":{"self":[{"href":"https:\/\/www.caririemacao.com\/1\/wp-json\/wp\/v2\/posts\/169905","targetHints":{"allow":["GET"]}}],"collection":[{"href":"https:\/\/www.caririemacao.com\/1\/wp-json\/wp\/v2\/posts"}],"about":[{"href":"https:\/\/www.caririemacao.com\/1\/wp-json\/wp\/v2\/types\/post"}],"author":[{"embeddable":true,"href":"https:\/\/www.caririemacao.com\/1\/wp-json\/wp\/v2\/users\/2"}],"replies":[{"embeddable":true,"href":"https:\/\/www.caririemacao.com\/1\/wp-json\/wp\/v2\/comments?post=169905"}],"version-history":[{"count":1,"href":"https:\/\/www.caririemacao.com\/1\/wp-json\/wp\/v2\/posts\/169905\/revisions"}],"predecessor-version":[{"id":169906,"href":"https:\/\/www.caririemacao.com\/1\/wp-json\/wp\/v2\/posts\/169905\/revisions\/169906"}],"wp:featuredmedia":[{"embeddable":true,"href":"https:\/\/www.caririemacao.com\/1\/wp-json\/wp\/v2\/media\/169617"}],"wp:attachment":[{"href":"https:\/\/www.caririemacao.com\/1\/wp-json\/wp\/v2\/media?parent=169905"}],"wp:term":[{"taxonomy":"category","embeddable":true,"href":"https:\/\/www.caririemacao.com\/1\/wp-json\/wp\/v2\/categories?post=169905"},{"taxonomy":"post_tag","embeddable":true,"href":"https:\/\/www.caririemacao.com\/1\/wp-json\/wp\/v2\/tags?post=169905"}],"curies":[{"name":"wp","href":"https:\/\/api.w.org\/{rel}","templated":true}]}}