{"id":169919,"date":"2020-05-16T12:38:23","date_gmt":"2020-05-16T15:38:23","guid":{"rendered":"https:\/\/www.caririemacao.com\/1\/?p=169919"},"modified":"2020-05-16T12:38:23","modified_gmt":"2020-05-16T15:38:23","slug":"padrasto-e-esfaqueado-pelo-enteado-na-regiao-do-cariri","status":"publish","type":"post","link":"https:\/\/www.caririemacao.com\/1\/2020\/05\/16\/padrasto-e-esfaqueado-pelo-enteado-na-regiao-do-cariri\/","title":{"rendered":"Padrasto \u00e9 esfaqueado pelo enteado na regi\u00e3o do Cariri"},"content":{"rendered":"\n<p>Na noite desta \u00faltima sexta-feira(15) uma tentativa de homic\u00eddio foi registrada na comunidade do Assentamento Santa Catarina, zona rural do munic\u00edpio de Monteiro, Cariri da Para\u00edba.<\/p>\n\n\n\n<p>Segundo informa\u00e7\u00f5es, o homem ainda n\u00e3o identificado foi atingido por golpes de faca desferido pelo seu pr\u00f3prio enteado.<\/p>\n\n\n\n<p>A v\u00edtima foi socorrida pela unidade m\u00f3vel do SAMU e transferido para o Hospital de Emerg\u00eancia e Trauma de Campina Grande.<\/p>\n\n\n\n<p>O acusado fugiu do local. A Pol\u00edcia realiza dilig\u00eancias na tentativa de captur\u00e1-lo.<\/p>\n\n\n\n<p><em>Vitrine do Cariri<\/em><\/p>\n","protected":false},"excerpt":{"rendered":"<p>Na noite desta \u00faltima sexta-feira(15) uma tentativa de homic\u00eddio foi registrada na comunidade do Assentamento Santa Catarina, zona rural do munic\u00edpio de Monteiro, Cariri da&hellip; <\/p>\n","protected":false},"author":2,"featured_media":158096,"comment_status":"closed","ping_status":"closed","sticky":false,"template":"","format":"standard","meta":{"sfsi_plus_gutenberg_text_before_share":"","sfsi_plus_gutenberg_show_text_before_share":"","sfsi_plus_gutenberg_icon_type":"","sfsi_plus_gutenberg_icon_alignemt":"","sfsi_plus_gutenburg_max_per_row":"","footnotes":""},"categories":[12],"tags":[],"class_list":["post-169919","post","type-post","status-publish","format-standard","has-post-thumbnail","hentry","category-policia"],"_links":{"self":[{"href":"https:\/\/www.caririemacao.com\/1\/wp-json\/wp\/v2\/posts\/169919","targetHints":{"allow":["GET"]}}],"collection":[{"href":"https:\/\/www.caririemacao.com\/1\/wp-json\/wp\/v2\/posts"}],"about":[{"href":"https:\/\/www.caririemacao.com\/1\/wp-json\/wp\/v2\/types\/post"}],"author":[{"embeddable":true,"href":"https:\/\/www.caririemacao.com\/1\/wp-json\/wp\/v2\/users\/2"}],"replies":[{"embeddable":true,"href":"https:\/\/www.caririemacao.com\/1\/wp-json\/wp\/v2\/comments?post=169919"}],"version-history":[{"count":1,"href":"https:\/\/www.caririemacao.com\/1\/wp-json\/wp\/v2\/posts\/169919\/revisions"}],"predecessor-version":[{"id":169920,"href":"https:\/\/www.caririemacao.com\/1\/wp-json\/wp\/v2\/posts\/169919\/revisions\/169920"}],"wp:featuredmedia":[{"embeddable":true,"href":"https:\/\/www.caririemacao.com\/1\/wp-json\/wp\/v2\/media\/158096"}],"wp:attachment":[{"href":"https:\/\/www.caririemacao.com\/1\/wp-json\/wp\/v2\/media?parent=169919"}],"wp:term":[{"taxonomy":"category","embeddable":true,"href":"https:\/\/www.caririemacao.com\/1\/wp-json\/wp\/v2\/categories?post=169919"},{"taxonomy":"post_tag","embeddable":true,"href":"https:\/\/www.caririemacao.com\/1\/wp-json\/wp\/v2\/tags?post=169919"}],"curies":[{"name":"wp","href":"https:\/\/api.w.org\/{rel}","templated":true}]}}