{"id":169922,"date":"2020-05-16T13:47:26","date_gmt":"2020-05-16T16:47:26","guid":{"rendered":"https:\/\/www.caririemacao.com\/1\/?p=169922"},"modified":"2020-05-16T13:47:26","modified_gmt":"2020-05-16T16:47:26","slug":"paulo-guedes-dar-reajuste-a-servidor-e-usar-cadaveres-como-palanque","status":"publish","type":"post","link":"https:\/\/www.caririemacao.com\/1\/2020\/05\/16\/paulo-guedes-dar-reajuste-a-servidor-e-usar-cadaveres-como-palanque\/","title":{"rendered":"Paulo Guedes: dar reajuste a servidor \u00e9 usar cad\u00e1veres como palanque"},"content":{"rendered":"\n<h1 class=\"wp-block-heading\"><\/h1>\n\n\n\n<p>Em entrevista coletiva no Pal\u00e1cio do Planalto nesta sexta-feira (15), realizada em comemora\u00e7\u00e3o aos 500 dias de governo, Guedes criticou o que ele chamou de explora\u00e7\u00e3o pol\u00edtica da crise sanit\u00e1ria.<\/p>\n\n\n\n<p>\u201cVamos subir em cad\u00e1veres para arrancar recursos do governo? Isso \u00e9 inaceit\u00e1vel, a popula\u00e7\u00e3o n\u00e3o vai aceitar, a popula\u00e7\u00e3o vai punir quem usar cad\u00e1ver para fazer palanque\u201d, afirmou o ministro da Economia.<\/p>\n\n\n\n<p>Ao fazer a declara\u00e7\u00e3o, ele se referia aos reajustes do funcionalismo p\u00fablico, aprovada pelo Poder Legislativo.<\/p>\n\n\n\n<p>A suspens\u00e3o desse aumento por 18 meses foi a \u00fanica contrapartida exigida pela equipe econ\u00f4mica no projeto de lei de ajuda financeira de R$ 125 bilh\u00f5es a estados e munic\u00edpios diante da pandemia do novo coronav\u00edrus.<\/p>\n\n\n\n<p>O Congresso, no entanto, retirou uma s\u00e9rie de categorias da regra, como professores, profissionais de sa\u00fade, agentes funer\u00e1rios, de limpeza urbana e assistentes sociais. A exclus\u00e3o teve o aval do pr\u00f3prio Bolsonaro, que relutava em desagradar funcion\u00e1rios p\u00fablicos, parte de sua base de apoio.<\/p>\n\n\n\n<p>Na semana passada, o presidente Jair Bolsonaro afirmou que vai vetar um trecho da lei de socorro financeiro a estados e munic\u00edpios que libera reajustes salariais a servidores p\u00fablicos at\u00e9 o fim de 2021.<img decoding=\"async\" data-src=\"https:\/\/paraibaonline.com.br\/wp-content\/uploads\/2020\/05\/paulo-guedes-1-567x378.jpg\" alt=\"Foto: ABr\" data-srcset=\"https:\/\/paraibaonline.com.br\/wp-content\/uploads\/2020\/05\/paulo-guedes-1-567x378.jpg 567w, https:\/\/paraibaonline.com.br\/wp-content\/uploads\/2020\/05\/paulo-guedes-1.jpg 770w\" src=\"data:image\/svg+xml;base64,PHN2ZyB3aWR0aD0iMSIgaGVpZ2h0PSIxIiB4bWxucz0iaHR0cDovL3d3dy53My5vcmcvMjAwMC9zdmciPjwvc3ZnPg==\" class=\"lazyload\" style=\"--smush-placeholder-width: 567px; --smush-placeholder-aspect-ratio: 567\/378;\"><\/p>\n\n\n\n<p>Foto: ABr<\/p>\n\n\n\n<p>Guedes disse que n\u00e3o se pode aumentar um momento de fragilidade para fazer pol\u00edtica.<\/p>\n\n\n\n<p>Nos bastidores, o chefe da equipe econ\u00f4mica tem criticado o presidente da C\u00e2mara, Rodrigo Maia (DEM-RJ), por ter apoiado o reajuste dos servidores.<\/p>\n\n\n\n<p>\u201cEu estou pedindo uma contribui\u00e7\u00e3o do funcionalismo brasileiro, eu estou pedindo ao Congresso que n\u00e3o derrube o veto do presidente. Eu estou pedindo ao Congresso que fa\u00e7a o que eu acredito que nos somos. Uma grande sociedade aberta, uma democracia din\u00e2mica, onde os poderes v\u00e3o demarcando os territ\u00f3rios e atuando\u201d, afirmou.<\/p>\n\n\n\n<p>O recado foi enviado ainda aos estados e munic\u00edpios, dizendo que o governo federal tem capacidade limitada de endividamento para socorrer as unidades da federa\u00e7\u00e3o.<\/p>\n\n\n\n<p>\u201cEsquece-se que n\u00f3s tamb\u00e9m estamos perdendo as receitas. Podemos nos endividar? sim, mas h\u00e1 limites.\u201d<\/p>\n\n\n\n<p>Guedes pediu ainda que n\u00e3o seja feita \u201cexplora\u00e7\u00e3o pol\u00edtica\u201d e disse que \u00e9 importante para que as lideran\u00e7as pol\u00edticas busquem a popularidade.<\/p>\n\n\n\n<p>\u201cS\u00f3 estamos pedindo uma contribui\u00e7\u00e3o, prefeitos, munic\u00edpios, governadores e da C\u00e2mara e do Senado\u201d, disse.<\/p>\n","protected":false},"excerpt":{"rendered":"<p>Em entrevista coletiva no Pal\u00e1cio do Planalto nesta sexta-feira (15), realizada em comemora\u00e7\u00e3o aos 500 dias de governo, Guedes criticou o que ele chamou de&hellip; <\/p>\n","protected":false},"author":2,"featured_media":168662,"comment_status":"closed","ping_status":"closed","sticky":false,"template":"","format":"standard","meta":{"sfsi_plus_gutenberg_text_before_share":"","sfsi_plus_gutenberg_show_text_before_share":"","sfsi_plus_gutenberg_icon_type":"","sfsi_plus_gutenberg_icon_alignemt":"","sfsi_plus_gutenburg_max_per_row":"","footnotes":""},"categories":[2],"tags":[],"class_list":["post-169922","post","type-post","status-publish","format-standard","has-post-thumbnail","hentry","category-geral"],"_links":{"self":[{"href":"https:\/\/www.caririemacao.com\/1\/wp-json\/wp\/v2\/posts\/169922","targetHints":{"allow":["GET"]}}],"collection":[{"href":"https:\/\/www.caririemacao.com\/1\/wp-json\/wp\/v2\/posts"}],"about":[{"href":"https:\/\/www.caririemacao.com\/1\/wp-json\/wp\/v2\/types\/post"}],"author":[{"embeddable":true,"href":"https:\/\/www.caririemacao.com\/1\/wp-json\/wp\/v2\/users\/2"}],"replies":[{"embeddable":true,"href":"https:\/\/www.caririemacao.com\/1\/wp-json\/wp\/v2\/comments?post=169922"}],"version-history":[{"count":1,"href":"https:\/\/www.caririemacao.com\/1\/wp-json\/wp\/v2\/posts\/169922\/revisions"}],"predecessor-version":[{"id":169923,"href":"https:\/\/www.caririemacao.com\/1\/wp-json\/wp\/v2\/posts\/169922\/revisions\/169923"}],"wp:featuredmedia":[{"embeddable":true,"href":"https:\/\/www.caririemacao.com\/1\/wp-json\/wp\/v2\/media\/168662"}],"wp:attachment":[{"href":"https:\/\/www.caririemacao.com\/1\/wp-json\/wp\/v2\/media?parent=169922"}],"wp:term":[{"taxonomy":"category","embeddable":true,"href":"https:\/\/www.caririemacao.com\/1\/wp-json\/wp\/v2\/categories?post=169922"},{"taxonomy":"post_tag","embeddable":true,"href":"https:\/\/www.caririemacao.com\/1\/wp-json\/wp\/v2\/tags?post=169922"}],"curies":[{"name":"wp","href":"https:\/\/api.w.org\/{rel}","templated":true}]}}