{"id":169934,"date":"2020-05-16T14:04:38","date_gmt":"2020-05-16T17:04:38","guid":{"rendered":"https:\/\/www.caririemacao.com\/1\/?p=169934"},"modified":"2020-05-16T14:04:38","modified_gmt":"2020-05-16T17:04:38","slug":"caixa-deposita-1a-parcela-do-auxilio-para-mais-405-mil-beneficiarios-neste-sabado-16","status":"publish","type":"post","link":"https:\/\/www.caririemacao.com\/1\/2020\/05\/16\/caixa-deposita-1a-parcela-do-auxilio-para-mais-405-mil-beneficiarios-neste-sabado-16\/","title":{"rendered":"Caixa deposita 1\u00aa parcela do aux\u00edlio para mais 405 mil benefici\u00e1rios neste s\u00e1bado (16)"},"content":{"rendered":"\n<h3 class=\"wp-block-heading\"><\/h3>\n\n\n\n<hr class=\"wp-block-separator\"\/>\n\n\n\n<p>Neste s\u00e1bado (16), a Caixa vai creditar a primeira parcela do aux\u00edlio emergencial de R$ 600 na conta de mais 405 mil trabalhadores informais, num total de R$ 246 milh\u00f5es. As ag\u00eancia n\u00e3o v\u00e3o abrir, mas os beneficiados poder\u00e3o sacar nos caixas eletr\u00f4nicos, lot\u00e9ricas ou movimentar o dinheiro por meio do aplicativo Caixa Tem.<\/p>\n\n\n\n<p>O banco recebeu na quinta-feira (14), da Dataprev, empresa que analisa e aprova dos dados, novo lote de benefici\u00e1rios. No total, ser\u00e3o realizados 311.637 cr\u00e9ditos em contas da Caixa e 93.526 em contas de outros bancos.<br>Novo pagamento da primeira parcela<\/p>\n\n\n\n<p>Outros 8,3 milh\u00f5es de trabalhadores informais foram aprovados para receber o benef\u00edcio a partir desta ter\u00e7a-feira (19). Eles fazem parte do \u00faltimo lote enviado pela Dataprev. Veja o calend\u00e1rio abaixo:<\/p>\n\n\n\n<p><strong>Veja as datas de saque da primeira parcela<\/strong><br>Ter\u00e7a-feira (19) \u2013 nascidos em janeiro<br>Quarta-feira (20)- nascidos em fevereiro<br>Quinta-feira (21) \u2013 nascidos em mar\u00e7o<br>Sexta-feira (22) \u2013 nascidos em abril<br>S\u00e1bado (23) \u2013 nascidos em maio, junho e julho<br>Segunda-feira (25) \u2013 nascidos em agosto<br>Ter\u00e7a-feira (26)- nascidos em setembro<br>Quarta-feira (27) \u2013 nascidos em outubro<br>Quinta-feira (28) \u2013 nascidos novembro<br>Sexta-feira (29) \u2013 nascidos em dezembro<\/p>\n\n\n\n<p><strong>Segunda parcela<\/strong><\/p>\n\n\n\n<p>Nesta segunda-feira (18),&nbsp;<a href=\"https:\/\/wscom.com.br\/governo-publica-calendario-da-2a-parcela-do-auxilio-emergencial-confira-as-datas\/\"><strong>come\u00e7a o pagamento tamb\u00e9m da segunda parcela.<\/strong><\/a>&nbsp;Os valores ser\u00e3o pagos aos benefici\u00e1rios at\u00e9 13 de junho deste ano. A parcela \u00e9 de R$ 600, sendo que m\u00e3es solteiras chefes de fam\u00edlia t\u00eam direito a duas cotas, totalizando R$ 1.200.<\/p>\n\n\n\n<p>Aqueles que j\u00e1 receberam a primeira parcela at\u00e9 o dia 30 de abril deste ano v\u00e3o ter o cr\u00e9dito depositado na poupan\u00e7a social digital aberta em seu nome.<\/p>\n\n\n\n<p><strong>Veja as datas de pagamento da segunda parcela do aux\u00edlio<\/strong><br><strong>Recebimento em Poupan\u00e7a Social<\/strong><\/p>\n\n\n\n<p>Nascidos em janeiro ou fevereiro: 20 de maio<br>Nascidos em mar\u00e7o ou abril: 21 de maio<br>Nascidos em maio ou junho: 22 de maio<br>Nascidos em julho ou agosto: 23 de maio<br>Nascidos em setembro ou outubro: 25 de maio<br>Nascidos em novembro ou dezembro: 26 de maio<\/p>\n\n\n\n<p>Nestas datas, os recursos estar\u00e3o dispon\u00edveis para o pagamento de contas, de boletos e para realiza\u00e7\u00e3o de compras por meio de cart\u00e3o de d\u00e9bito virtual. Segundo a Caixa Econ\u00f4mica Federal, tamb\u00e9m \u00e9 poss\u00edvel fazer transfer\u00eancia para outros bancos por meio do aplicativo Caixa Tem.<\/p>\n\n\n\n<p><strong>Saque em esp\u00e9cie para benefici\u00e1rios do Bolsa Fam\u00edlia<\/strong><\/p>\n\n\n\n<p>NIS 1: 18 de maio<br>NIS 2: 19 de maio<br>NIS 3: 20 de maio<br>NIS 4: 21 de maio<br>NIS 5: 22 de maio<br>NIS 6: 25 de maio<br>NIS 7: 26 de maio<br>NIS 8: 27 de maio<br>NIS 9: 28 de maio<br>NIS 0: 29 de maio<\/p>\n\n\n\n<p><strong>Saque em esp\u00e9cie para Poupan\u00e7a Social e demais p\u00fablicos<\/strong><\/p>\n\n\n\n<p>Nascidos em janeiro: 30 de maio<br>Nascidos em fevereiro: 1\u00ba de junho<br>Nascidos em mar\u00e7o: 2 de junho<br>Nascidos em abril: 3 de junho<br>Nascidos em maio: 4 de junho<br>Nascidos em junho: 5 de junho<br>Nascidos em julho: 6 de junho<br>Nascidos em agosto: 8 de junho<br>Nascidos em setembro: 9 de junho<br>Nascidos em outubro: 10 de junho<br>Nascidos em novembro: 12 de junho<br>Nascidos em dezembro: 13 de junho<\/p>\n\n\n\n<p>Desde o dia 9 de abril, quando teve in\u00edcio o pagamento do aux\u00edlio, a quantidade de pessoas que tiveram o benef\u00edcio creditado pela Caixa j\u00e1 ultrapassa os 50 milh\u00f5es, num total de R$ 35,7 bilh\u00f5es, j\u00e1 considerando os cr\u00e9ditos deste s\u00e1bado.<\/p>\n","protected":false},"excerpt":{"rendered":"<p>Neste s\u00e1bado (16), a Caixa vai creditar a primeira parcela do aux\u00edlio emergencial de R$ 600 na conta de mais 405 mil trabalhadores informais, num&hellip; <\/p>\n","protected":false},"author":2,"featured_media":169935,"comment_status":"closed","ping_status":"closed","sticky":false,"template":"","format":"standard","meta":{"sfsi_plus_gutenberg_text_before_share":"","sfsi_plus_gutenberg_show_text_before_share":"","sfsi_plus_gutenberg_icon_type":"","sfsi_plus_gutenberg_icon_alignemt":"","sfsi_plus_gutenburg_max_per_row":"","footnotes":""},"categories":[2],"tags":[],"class_list":["post-169934","post","type-post","status-publish","format-standard","has-post-thumbnail","hentry","category-geral"],"_links":{"self":[{"href":"https:\/\/www.caririemacao.com\/1\/wp-json\/wp\/v2\/posts\/169934","targetHints":{"allow":["GET"]}}],"collection":[{"href":"https:\/\/www.caririemacao.com\/1\/wp-json\/wp\/v2\/posts"}],"about":[{"href":"https:\/\/www.caririemacao.com\/1\/wp-json\/wp\/v2\/types\/post"}],"author":[{"embeddable":true,"href":"https:\/\/www.caririemacao.com\/1\/wp-json\/wp\/v2\/users\/2"}],"replies":[{"embeddable":true,"href":"https:\/\/www.caririemacao.com\/1\/wp-json\/wp\/v2\/comments?post=169934"}],"version-history":[{"count":1,"href":"https:\/\/www.caririemacao.com\/1\/wp-json\/wp\/v2\/posts\/169934\/revisions"}],"predecessor-version":[{"id":169936,"href":"https:\/\/www.caririemacao.com\/1\/wp-json\/wp\/v2\/posts\/169934\/revisions\/169936"}],"wp:featuredmedia":[{"embeddable":true,"href":"https:\/\/www.caririemacao.com\/1\/wp-json\/wp\/v2\/media\/169935"}],"wp:attachment":[{"href":"https:\/\/www.caririemacao.com\/1\/wp-json\/wp\/v2\/media?parent=169934"}],"wp:term":[{"taxonomy":"category","embeddable":true,"href":"https:\/\/www.caririemacao.com\/1\/wp-json\/wp\/v2\/categories?post=169934"},{"taxonomy":"post_tag","embeddable":true,"href":"https:\/\/www.caririemacao.com\/1\/wp-json\/wp\/v2\/tags?post=169934"}],"curies":[{"name":"wp","href":"https:\/\/api.w.org\/{rel}","templated":true}]}}