{"id":169942,"date":"2020-05-16T14:16:14","date_gmt":"2020-05-16T17:16:14","guid":{"rendered":"https:\/\/www.caririemacao.com\/1\/?p=169942"},"modified":"2020-05-16T14:16:14","modified_gmt":"2020-05-16T17:16:14","slug":"secretario-executivo-assume-ministerio-da-saude-interinamente","status":"publish","type":"post","link":"https:\/\/www.caririemacao.com\/1\/2020\/05\/16\/secretario-executivo-assume-ministerio-da-saude-interinamente\/","title":{"rendered":"Secret\u00e1rio executivo assume Minist\u00e9rio da Sa\u00fade interinamente"},"content":{"rendered":"\n<h2 class=\"wp-block-heading\"><\/h2>\n\n\n\n<p>O Minist\u00e9rio da Sa\u00fade confirmou, esta manh\u00e3 (16), que o secret\u00e1rio executivo da pasta, Eduardo Pazuello, assumir\u00e1 interinamente o comando do minist\u00e9rio, substituindo Nelson Teich, que deixou o governo ontem (15).<\/p>\n\n\n\n<p>General do Ex\u00e9rcito, Pazuello foi nomeado para o segundo cargo mais alto da hierarquia ministerial no \u00faltimo dia 22, ap\u00f3s Teich assumir o minist\u00e9rio no lugar de Luiz Henrique Mandetta.<\/p>\n\n\n\n<p>Especialista em Log\u00edstica, o militar foi coordenador log\u00edstico das tropas do Ex\u00e9rcito durante os Jogos Ol\u00edmpicos e Paral\u00edmpicos, al\u00e9m de ter coordenado as opera\u00e7\u00f5es da Opera\u00e7\u00e3o Acolhida, que presta assist\u00eancia aos imigrantes venezuelanos que chegam a Roraima fugindo da crise pol\u00edtica e econ\u00f4mica no pa\u00eds vizinho.<\/p>\n\n\n\n<p>Ontem, ao pedir demiss\u00e3o e deixar o governo, o m\u00e9dico&nbsp;<a href=\"https:\/\/agenciabrasil.ebc.com.br\/saude\/noticia\/2020-05\/teich-diz-que-deixa-plano-de-trabalho-pronto-para-auxiliar-estados\" target=\"_blank\" rel=\"noreferrer noopener\">Nelson Teich<\/a>&nbsp;disse que deixou, para quem quer que viesse a suced\u00ea-lo no cargo, um plano de trabalho \u201cpronto para auxiliar os secret\u00e1rios estaduais e municipais a tentar entender o que est\u00e1 acontecendo e pensar pr\u00f3ximos passos\u201d.<\/p>\n\n\n\n<p>Teich n\u00e3o entrou em detalhes sobre os motivos de sua sa\u00edda, mas havia diverg\u00eancias p\u00fablicas entre ele e o presidente Jair Bolsonaro sobre temas como o distanciamento social e o uso da cloroquina para o tratamento da covid-19. Segundo o ministro-chefe da Casa Civil, Walter Braga Netto, a decis\u00e3o foi motivada por quest\u00f5es pessoais.<\/p>\n\n\n\n<p>Durante coletiva de imprensa, Netto comentou que o presidente defende formas de enfrentar o novo coronav\u00edrus diferentes das que Teich e Mandetta propunham. Segundo o ministro, Bolsonaro \u00e9 contr\u00e1rio aos \u201cexcessos\u201d, defendendo, por exemplo, o isolamento vertical \u2013 que estabelece o isolamento social apenas para as pessoas que integrem grupos de risco (idosos, pacientes com diabetes e doen\u00e7as cardiovasculares) ou que estejam infectadas e o uso da hidroxicloroquina na fase inicial da doen\u00e7a.<\/p>\n","protected":false},"excerpt":{"rendered":"<p>O Minist\u00e9rio da Sa\u00fade confirmou, esta manh\u00e3 (16), que o secret\u00e1rio executivo da pasta, Eduardo Pazuello, assumir\u00e1 interinamente o comando do minist\u00e9rio, substituindo Nelson Teich,&hellip; <\/p>\n","protected":false},"author":2,"featured_media":167890,"comment_status":"closed","ping_status":"closed","sticky":false,"template":"","format":"standard","meta":{"sfsi_plus_gutenberg_text_before_share":"","sfsi_plus_gutenberg_show_text_before_share":"","sfsi_plus_gutenberg_icon_type":"","sfsi_plus_gutenberg_icon_alignemt":"","sfsi_plus_gutenburg_max_per_row":"","footnotes":""},"categories":[2],"tags":[],"class_list":["post-169942","post","type-post","status-publish","format-standard","has-post-thumbnail","hentry","category-geral"],"_links":{"self":[{"href":"https:\/\/www.caririemacao.com\/1\/wp-json\/wp\/v2\/posts\/169942","targetHints":{"allow":["GET"]}}],"collection":[{"href":"https:\/\/www.caririemacao.com\/1\/wp-json\/wp\/v2\/posts"}],"about":[{"href":"https:\/\/www.caririemacao.com\/1\/wp-json\/wp\/v2\/types\/post"}],"author":[{"embeddable":true,"href":"https:\/\/www.caririemacao.com\/1\/wp-json\/wp\/v2\/users\/2"}],"replies":[{"embeddable":true,"href":"https:\/\/www.caririemacao.com\/1\/wp-json\/wp\/v2\/comments?post=169942"}],"version-history":[{"count":1,"href":"https:\/\/www.caririemacao.com\/1\/wp-json\/wp\/v2\/posts\/169942\/revisions"}],"predecessor-version":[{"id":169944,"href":"https:\/\/www.caririemacao.com\/1\/wp-json\/wp\/v2\/posts\/169942\/revisions\/169944"}],"wp:featuredmedia":[{"embeddable":true,"href":"https:\/\/www.caririemacao.com\/1\/wp-json\/wp\/v2\/media\/167890"}],"wp:attachment":[{"href":"https:\/\/www.caririemacao.com\/1\/wp-json\/wp\/v2\/media?parent=169942"}],"wp:term":[{"taxonomy":"category","embeddable":true,"href":"https:\/\/www.caririemacao.com\/1\/wp-json\/wp\/v2\/categories?post=169942"},{"taxonomy":"post_tag","embeddable":true,"href":"https:\/\/www.caririemacao.com\/1\/wp-json\/wp\/v2\/tags?post=169942"}],"curies":[{"name":"wp","href":"https:\/\/api.w.org\/{rel}","templated":true}]}}