{"id":169946,"date":"2020-05-17T04:36:42","date_gmt":"2020-05-17T07:36:42","guid":{"rendered":"https:\/\/www.caririemacao.com\/1\/?p=169946"},"modified":"2020-05-17T04:36:42","modified_gmt":"2020-05-17T07:36:42","slug":"novo-decreto-na-pb-governador-prorroga-o-isolamento-social-ate-o-dia-31-de-maio-e-passa-a-vigorar-em-todos-municipios-o-objetivo-e-conter-o-avanco-do-coronavirus-no-estado","status":"publish","type":"post","link":"https:\/\/www.caririemacao.com\/1\/2020\/05\/17\/novo-decreto-na-pb-governador-prorroga-o-isolamento-social-ate-o-dia-31-de-maio-e-passa-a-vigorar-em-todos-municipios-o-objetivo-e-conter-o-avanco-do-coronavirus-no-estado\/","title":{"rendered":"Novo decreto na PB Governador prorroga o isolamento social at\u00e9 o dia 31 de maio e passa a vigorar em todos munic\u00edpios, O objetivo \u00e9 conter o avan\u00e7o do coronav\u00edrus no Estado."},"content":{"rendered":"\n<p>O governador Jo\u00e3o Azev\u00eado assinou o decreto 40.242, neste s\u00e1bado (16), prorrogando o isolamento social at\u00e9 o dia 31 de maio e ampliando as medidas restritivas, que agora passam a vigorar em todos munic\u00edpios paraibanos, independente do registro de casos confirmados da Covid-19.O objetivo \u00e9 conter o avan\u00e7o do coronav\u00edrus no Estado, tendo em vista o aumento di\u00e1rio de casos diagnosticados, principalmente nesta semana. O decreto ser\u00e1 publicado em edi\u00e7\u00e3o eletr\u00f4nica especial do Di\u00e1rio Oficial do Estado ainda hoje.Al\u00e9m da continuidade da suspens\u00e3o das atividades consideradas n\u00e3o essenciais para este momento, com o novo decreto os estabelecimentos comerciais ou empresas de transportes p\u00fablicos ser\u00e3o multados em R$ 100,00 por cada pessoa que estiver no seu interior sem m\u00e1scara.Esse acess\u00f3rio \u00e9 obrigat\u00f3rio tamb\u00e9m em todos os espa\u00e7os p\u00fablicos do estado. Os recursos provenientes das multas aplicadas ser\u00e3o destinados \u00e0s medidas de combate ao novo coronav\u00edrus.O decreto ainda determina a interrup\u00e7\u00e3o do transporte intermunicipal em todo territ\u00f3rio paraibano. Assim, todos os terminais rodovi\u00e1rios pertencentes ao estado ficar\u00e3o fechados a partir do pr\u00f3ximo dia 20 at\u00e9 o dia 31 de maio, per\u00edodo em que tamb\u00e9m dever\u00e1 ser paralisada a travessia Costinha\/Cabedelo\/Costinha por meio da balsa.O documento tamb\u00e9m prev\u00ea a instala\u00e7\u00e3o de barreiras sanit\u00e1rias nas rodovias PB-008 e PB-018 (Conde), PB-025 (Lucena), PB-034 (Alhandra\/Caapor\u00e3), PB-044 (Caapor\u00e3\/Pitimbu) e no terminal hidrovi\u00e1rio de Cabedelo. O acesso a esses munic\u00edpios ficar\u00e1 restrito aos moradores e \u00e0s pessoas que trabalhem nas atividades consideradas essenciais, ou para tratamento de sa\u00fade, devidamente comprovados.Tamb\u00e9m ser\u00e3o suspensas no per\u00edodo de vigor do decreto as atividades da constru\u00e7\u00e3o civil \u2013 com exce\u00e7\u00e3o das obras relacionadas \u00e0s necessidades da pandemia da Covid-19 e emergenciais \u2013 na Regi\u00e3o da Grande Jo\u00e3o Pessoa, abrangendo os munic\u00edpios de Jo\u00e3o Pessoa, Bayeux, Cabedelo, Conde, Santa Rita, Alhandra, Caapor\u00e3 e Pitimbu, bem como em Campina Grande, Queimadas, Lagoa Seca e Puxinan\u00e3.<\/p>\n","protected":false},"excerpt":{"rendered":"<p>O governador Jo\u00e3o Azev\u00eado assinou o decreto 40.242, neste s\u00e1bado (16), prorrogando o isolamento social at\u00e9 o dia 31 de maio e ampliando as medidas&hellip; <\/p>\n","protected":false},"author":2,"featured_media":168885,"comment_status":"closed","ping_status":"closed","sticky":false,"template":"","format":"standard","meta":{"sfsi_plus_gutenberg_text_before_share":"","sfsi_plus_gutenberg_show_text_before_share":"","sfsi_plus_gutenberg_icon_type":"","sfsi_plus_gutenberg_icon_alignemt":"","sfsi_plus_gutenburg_max_per_row":"","footnotes":""},"categories":[11],"tags":[],"class_list":["post-169946","post","type-post","status-publish","format-standard","has-post-thumbnail","hentry","category-politica"],"_links":{"self":[{"href":"https:\/\/www.caririemacao.com\/1\/wp-json\/wp\/v2\/posts\/169946","targetHints":{"allow":["GET"]}}],"collection":[{"href":"https:\/\/www.caririemacao.com\/1\/wp-json\/wp\/v2\/posts"}],"about":[{"href":"https:\/\/www.caririemacao.com\/1\/wp-json\/wp\/v2\/types\/post"}],"author":[{"embeddable":true,"href":"https:\/\/www.caririemacao.com\/1\/wp-json\/wp\/v2\/users\/2"}],"replies":[{"embeddable":true,"href":"https:\/\/www.caririemacao.com\/1\/wp-json\/wp\/v2\/comments?post=169946"}],"version-history":[{"count":1,"href":"https:\/\/www.caririemacao.com\/1\/wp-json\/wp\/v2\/posts\/169946\/revisions"}],"predecessor-version":[{"id":169947,"href":"https:\/\/www.caririemacao.com\/1\/wp-json\/wp\/v2\/posts\/169946\/revisions\/169947"}],"wp:featuredmedia":[{"embeddable":true,"href":"https:\/\/www.caririemacao.com\/1\/wp-json\/wp\/v2\/media\/168885"}],"wp:attachment":[{"href":"https:\/\/www.caririemacao.com\/1\/wp-json\/wp\/v2\/media?parent=169946"}],"wp:term":[{"taxonomy":"category","embeddable":true,"href":"https:\/\/www.caririemacao.com\/1\/wp-json\/wp\/v2\/categories?post=169946"},{"taxonomy":"post_tag","embeddable":true,"href":"https:\/\/www.caririemacao.com\/1\/wp-json\/wp\/v2\/tags?post=169946"}],"curies":[{"name":"wp","href":"https:\/\/api.w.org\/{rel}","templated":true}]}}