{"id":169949,"date":"2020-05-17T04:43:34","date_gmt":"2020-05-17T07:43:34","guid":{"rendered":"https:\/\/www.caririemacao.com\/1\/?p=169949"},"modified":"2020-05-17T04:43:34","modified_gmt":"2020-05-17T07:43:34","slug":"generais-sao-contra-militar-assumindo-saude-e-levar-para-o-colo-das-forcas-armadas-o-problema-da-covid-19","status":"publish","type":"post","link":"https:\/\/www.caririemacao.com\/1\/2020\/05\/17\/generais-sao-contra-militar-assumindo-saude-e-levar-para-o-colo-das-forcas-armadas-o-problema-da-covid-19\/","title":{"rendered":"Generais s\u00e3o contra militar assumindo Sa\u00fade: \u2018\u00e9 levar para o colo das For\u00e7as Armadas o problema da Covid-19\u2019"},"content":{"rendered":"\n<h3 class=\"wp-block-heading\"><\/h3>\n\n\n\n<hr class=\"wp-block-separator\"\/>\n\n\n\n<p>Os ministros que comp\u00f5em a chamada \u201cAla Militar\u201d s\u00e3o contra a indica\u00e7\u00e3o de nomes, como o do general Eduardo Pazuello, para comando do Minist\u00e9rio da Sa\u00fade, indo de encontro ao pensamento do&nbsp;presidente da Rep\u00fablica Jair Bolsonaro.<\/p>\n\n\n\n<p>Segundo o colunista Lauro Jardim, de O Globo, as especula\u00e7\u00f5es em torno do&nbsp;<a href=\"https:\/\/wscom.com.br\/teich-deixa-o-ministerio-da-saude-antes-de-completar-um-mes-no-cargo\/\"><strong>sucessor de Nelson Teich, que deixou o governo nesta sexta-feira (15)<\/strong><\/a>, cogitam nomes como o do general Eduardo Pazuello, atual ministro interino, e o contra-almirante Luiz Froes, diretor de Sa\u00fade da Marinha.<\/p>\n\n\n\n<p>\u201cOs ministros j\u00e1 disseram a Bolsonaro que botar um militar para ser o n\u00famero 1 da Sa\u00fade \u00e9 \u201clevar para o colo das For\u00e7as Armadas o problema da Covid\u201d, de acordo com o relato de um desses generais\u201d, destacou o jornalista.<\/p>\n\n\n\n<p>Entre os civis, o nome cotado \u00e9 do deputado Osmar Terra, ex-ministro da Cidadania de Bolsonaro. Ele tamb\u00e9m n\u00e3o conta com o apoio dos militares.<\/p>\n","protected":false},"excerpt":{"rendered":"<p>Os ministros que comp\u00f5em a chamada \u201cAla Militar\u201d s\u00e3o contra a indica\u00e7\u00e3o de nomes, como o do general Eduardo Pazuello, para comando do Minist\u00e9rio da&hellip; <\/p>\n","protected":false},"author":2,"featured_media":169950,"comment_status":"closed","ping_status":"closed","sticky":false,"template":"","format":"standard","meta":{"sfsi_plus_gutenberg_text_before_share":"","sfsi_plus_gutenberg_show_text_before_share":"","sfsi_plus_gutenberg_icon_type":"","sfsi_plus_gutenberg_icon_alignemt":"","sfsi_plus_gutenburg_max_per_row":"","footnotes":""},"categories":[2],"tags":[],"class_list":["post-169949","post","type-post","status-publish","format-standard","has-post-thumbnail","hentry","category-geral"],"_links":{"self":[{"href":"https:\/\/www.caririemacao.com\/1\/wp-json\/wp\/v2\/posts\/169949","targetHints":{"allow":["GET"]}}],"collection":[{"href":"https:\/\/www.caririemacao.com\/1\/wp-json\/wp\/v2\/posts"}],"about":[{"href":"https:\/\/www.caririemacao.com\/1\/wp-json\/wp\/v2\/types\/post"}],"author":[{"embeddable":true,"href":"https:\/\/www.caririemacao.com\/1\/wp-json\/wp\/v2\/users\/2"}],"replies":[{"embeddable":true,"href":"https:\/\/www.caririemacao.com\/1\/wp-json\/wp\/v2\/comments?post=169949"}],"version-history":[{"count":1,"href":"https:\/\/www.caririemacao.com\/1\/wp-json\/wp\/v2\/posts\/169949\/revisions"}],"predecessor-version":[{"id":169951,"href":"https:\/\/www.caririemacao.com\/1\/wp-json\/wp\/v2\/posts\/169949\/revisions\/169951"}],"wp:featuredmedia":[{"embeddable":true,"href":"https:\/\/www.caririemacao.com\/1\/wp-json\/wp\/v2\/media\/169950"}],"wp:attachment":[{"href":"https:\/\/www.caririemacao.com\/1\/wp-json\/wp\/v2\/media?parent=169949"}],"wp:term":[{"taxonomy":"category","embeddable":true,"href":"https:\/\/www.caririemacao.com\/1\/wp-json\/wp\/v2\/categories?post=169949"},{"taxonomy":"post_tag","embeddable":true,"href":"https:\/\/www.caririemacao.com\/1\/wp-json\/wp\/v2\/tags?post=169949"}],"curies":[{"name":"wp","href":"https:\/\/api.w.org\/{rel}","templated":true}]}}