{"id":169954,"date":"2020-05-17T05:01:28","date_gmt":"2020-05-17T08:01:28","guid":{"rendered":"https:\/\/www.caririemacao.com\/1\/?p=169954"},"modified":"2020-05-17T05:01:28","modified_gmt":"2020-05-17T08:01:28","slug":"paraiba-ultrapassa-4-mil-casos-de-coronavirus-e-registra-mais-13-mortes-em-24h","status":"publish","type":"post","link":"https:\/\/www.caririemacao.com\/1\/2020\/05\/17\/paraiba-ultrapassa-4-mil-casos-de-coronavirus-e-registra-mais-13-mortes-em-24h\/","title":{"rendered":"Para\u00edba ultrapassa 4 mil casos de coronav\u00edrus e registra mais 13 mortes em 24h"},"content":{"rendered":"\n<h1 class=\"wp-block-heading\"><\/h1>\n\n\n\n<p>A Secretaria de Estado da Sa\u00fade divulgou, neste s\u00e1bado, 16, novo boletim epidemiol\u00f3gico onde foram registrados novos casos de contamina\u00e7\u00e3o e mortes pelo coronav\u00edrus na Para\u00edba.<\/p>\n\n\n\n<p>Hoje s\u00e3o 324 novos casos de Covid-19 e 13 \u00f3bitos confirmados causados pela doen\u00e7a. Assim, como previsto, a Para\u00edba atinge 4.063 casos de Covid-19, sendo 183 v\u00edtimas fatais e 1.087 pessoas que j\u00e1 se recuperaram, de acordo com informa\u00e7\u00f5es das Secretarias Municipais de Sa\u00fade.<\/p>\n\n\n\n<p>Dos leitos de UTI para adultos, ativados em todo o Estado, 62% est\u00e3o ocupados. Na Regi\u00e3o Metropolitana de Jo\u00e3o Pessoa, a taxa de ocupa\u00e7\u00e3o de UTI para adultos \u00e9 de 74%. Segundo a Inloco, &nbsp;apenas 47% da popula\u00e7\u00e3o seguiram a recomenda\u00e7\u00e3o de Isolamento Social, quando o Ideal \u00e9 de 70%.<\/p>\n\n\n\n<p>Os casos confirmados est\u00e3o em 135 munic\u00edpios paraibanos:<\/p>\n\n\n\n<p>Alagoa Grande (21); Alagoa Nova (2); Alagoinha (14); Alhandra (53); Amparo (5); Ara\u00e7agi (13); Arara (1); Areia (13); Areial (1); Aroeiras (5); Baia da Trai\u00e7\u00e3o (18); Bananeiras (8); Barra de Santana (4); Barra de S\u00e3o Miguel (1); Bayeux (86); Bel\u00e9m (7); Boa Vista (1); Bom Jesus (1); Boqueir\u00e3o (2); Borborema (1);&nbsp; Brejo do Cruz (1); Caapor\u00e3 (117); Cabedelo (192); Cacimba de Dentro (2); Cai\u00e7ara (10); Cajazeiras (29); Cajazeirinhas (1) Campina Grande (280); Capim (7);&nbsp; Casserengue (1); Catingueira (1); Caturit\u00e9 (1); Concei\u00e7\u00e3o (1);&nbsp; Condado (20);&nbsp; Conde (35); Congo (10); Coremas (8); Coxixola (3); Cruz do Esp\u00edrito Santo (58); Cuit\u00e9 (1);&nbsp; Cuit\u00e9 de Mamanguape (1); Cuiteg\u00ed (5); Curral de Cima (1);&nbsp; Duas Estradas (1); Esperan\u00e7a (11); Gado Bravo (4);&nbsp; Guarabira (145); Gurinh\u00e9m (7); Igaracy (1); Imaculada (4); Ing\u00e1 (1); Itabaiana (22); Itaporanga (3); Itapororoca (18); Itatuba (8); Jacara\u00fa (2);&nbsp; Jo\u00e3o Pessoa (1540); Joca Claudino (1); Juarez T\u00e1vora (4); Juazeirinho (15);&nbsp; Junco do Serid\u00f3 (3); Juripiranga (17);&nbsp; Lagoa de Dentro (2); Lagoa Seca (8); Lastro (1); Logradouro (3); Lucena (29); Malta (4); Mamanguape (16); Mari (42); Mariz\u00f3polis (4); Massaranduba (6); Mataraca (1); Matinhas (1); Matureia (1); Mogeiro (1);&nbsp; Monteiro (11); Mulungu (3); Natuba (1); Nova Floresta (1), Nova Olinda (1); Olho D\u00b4\u00c1gua (1); Passagem (1); Patos (234); Pedras de Fogo (65); Pianc\u00f3 (6); Picu\u00ed (1); Pilar (15); Pil\u00f5es (1); Pil\u00f5ezinhos (9); Pirpirituba (7); Pitimbu (29); Pocinhos (1);&nbsp; Pombal (6); Princesa Isabel (4); Puxinan\u00e3 (1);&nbsp; Queimadas (17); Quixaba (1); Rem\u00edgio (16); Riach\u00e3o do Bacamarte (14);&nbsp; Riach\u00e3o do Po\u00e7o (1); Riacho dos Cavalos (2); Rio Tinto (16); Salgado de S\u00e3o Felix (4); Santa Helena (1); Santa Luzia (4); Santa Rita (303); Santa Terezinha (1); S\u00e3o Bento (14); S\u00e3o Jo\u00e3o do Rio do Peixe (6); S\u00e3o Jos\u00e9 de Caiana (1); S\u00e3o Jos\u00e9 de Espinharas (2); S\u00e3o Jos\u00e9 de Piranhas (4); S\u00e3o Jos\u00e9 do Bonfim (2); S\u00e3o Jos\u00e9 do Sabugi (35); S\u00e3o Jos\u00e9 dos Ramos (4); S\u00e3o Miguel de Taipu (7);&nbsp; S\u00e3o Sebasti\u00e3o de Lagoa de Ro\u00e7a (7); S\u00e3o Vicente do Serid\u00f3 (1); Sap\u00e9 (106); Serra Branca (2); Serra da Ra\u00edz (5); Serra Redonda (2); Serraria (1); Sert\u00e3ozinho (2); Sobrado (4); Sol\u00e2nea (10);&nbsp; Soledade (2); Sousa (62); Tacima (2); Tapero\u00e1 (24); Teixeira (1);&nbsp; Uira\u00fana (2); Umbuzeiro (8); Vista Serrana (1).<\/p>\n\n\n\n<p>Foram registrados 13 \u00f3bitos confirmados para Covid-19, nas \u00faltimas 24h.<\/p>\n\n\n\n<p>\u2013 Homem, 52 anos, diab\u00e9tico, e portador de doen\u00e7a do aparelho digestivo, residente em Itaporanga. In\u00edcio dos sintomas 26\/04, interno em hospital p\u00fablico, veio a \u00f3bito no dia 15\/05.<\/p>\n\n\n\n<p>\u2013 Homem, 54 anos, hipertenso, residente em Pianc\u00f3. In\u00edcio dos sintomas 06\/05, interno em hospital privado, veio a \u00f3bito no dia 09\/05.<\/p>\n\n\n\n<p>\u2013 Mulher, idosa, 63 anos, hipertensa, diab\u00e9tica, residente em Santa Rita. In\u00edcio dos sintomas 08\/05, interno em hospital p\u00fablico, veio a \u00f3bito no dia 10\/05.<\/p>\n\n\n\n<p>\u2013 Mulher, idosa, 73 anos, sem comorbidade, residente em Patos. In\u00edcio dos sintomas 09\/05, interna em hospital p\u00fablico, veio a \u00f3bito no dia 15\/05.<\/p>\n\n\n\n<p>\u2013 Homem, idoso, 73 anos, portador de hipertens\u00e3o e doen\u00e7a cardiovascular cr\u00f4nica. Residente em Patos. In\u00edcio dos sintomas 06\/05, interno em hospital p\u00fablico, veio a \u00f3bito no dia 16\/05.<\/p>\n\n\n\n<p>\u2013 Mulher, idosa, 94 anos, portadora de doen\u00e7a neurol\u00f3gica, residente em Jo\u00e3o Pessoa. N\u00e3o apresentou sintomas, veio \u00f3bito em sua resid\u00eancia no dia 05\/05.<\/p>\n\n\n\n<p>\u2013 Mulher, 38 anos, sem informa\u00e7\u00e3o de comorbidade, residente em Jo\u00e3o Pessoa. In\u00edcio dos sintomas 30\/04, interna em hospital p\u00fablico, veio a \u00f3bito no dia 15\/05.<\/p>\n\n\n\n<p>\u2013 Homem, idoso, 66 anos, com comorbidade, hipertenso, diab\u00e9tico, residente em Patos. In\u00edcio dos sintomas 29\/04, interno em hospital p\u00fablico, veio a \u00f3bito no dia 09\/05.<\/p>\n\n\n\n<p>\u2013 Homem, 50 anos, sem comorbidade, residente em Patos. In\u00edcio dos sintomas 03\/05, interno em hospital p\u00fablico, veio a \u00f3bito no dia 12\/05.<\/p>\n\n\n\n<p>\u2013 Homem, 56 anos, sem comorbidade, residente em Gado Bravo. In\u00edcio dos sintomas 09\/05, veio \u00f3bito em sua resid\u00eancia no dia 14\/05.<\/p>\n\n\n\n<p>\u2013 Mulher, 59 anos, diab\u00e9tica, residente em Jo\u00e3o Pessoa. In\u00edcio dos sintomas 01\/05, interna em hospital p\u00fablico, veio a \u00f3bito no dia 13\/05.<\/p>\n\n\n\n<p>\u2013 Homem, 45 anos, obeso, residente em Campina Grande. In\u00edcio dos sintomas 04\/05, interno em hospital p\u00fablico, veio a \u00f3bito no dia 11\/05.<\/p>\n\n\n\n<p>-Crian\u00e7a, menino, 05 anos, sem informa\u00e7\u00e3o de comorbidade,&nbsp; residente em&nbsp; Jo\u00e3o Pessoa . In\u00edcio dos sintomas 03\/05, veio \u00f3bito em sua resid\u00eancia no dia 06\/05.<\/p>\n\n\n\n<p>Os dados epidemiol\u00f3gicos e de ocupa\u00e7\u00e3o de leitos podem ser acompanhados em paraiba.pb.gov.br\/coronavirus<\/p>\n","protected":false},"excerpt":{"rendered":"<p>A Secretaria de Estado da Sa\u00fade divulgou, neste s\u00e1bado, 16, novo boletim epidemiol\u00f3gico onde foram registrados novos casos de contamina\u00e7\u00e3o e mortes pelo coronav\u00edrus na&hellip; <\/p>\n","protected":false},"author":2,"featured_media":169955,"comment_status":"closed","ping_status":"closed","sticky":false,"template":"","format":"standard","meta":{"sfsi_plus_gutenberg_text_before_share":"","sfsi_plus_gutenberg_show_text_before_share":"","sfsi_plus_gutenberg_icon_type":"","sfsi_plus_gutenberg_icon_alignemt":"","sfsi_plus_gutenburg_max_per_row":"","footnotes":""},"categories":[2],"tags":[],"class_list":["post-169954","post","type-post","status-publish","format-standard","has-post-thumbnail","hentry","category-geral"],"_links":{"self":[{"href":"https:\/\/www.caririemacao.com\/1\/wp-json\/wp\/v2\/posts\/169954","targetHints":{"allow":["GET"]}}],"collection":[{"href":"https:\/\/www.caririemacao.com\/1\/wp-json\/wp\/v2\/posts"}],"about":[{"href":"https:\/\/www.caririemacao.com\/1\/wp-json\/wp\/v2\/types\/post"}],"author":[{"embeddable":true,"href":"https:\/\/www.caririemacao.com\/1\/wp-json\/wp\/v2\/users\/2"}],"replies":[{"embeddable":true,"href":"https:\/\/www.caririemacao.com\/1\/wp-json\/wp\/v2\/comments?post=169954"}],"version-history":[{"count":1,"href":"https:\/\/www.caririemacao.com\/1\/wp-json\/wp\/v2\/posts\/169954\/revisions"}],"predecessor-version":[{"id":169956,"href":"https:\/\/www.caririemacao.com\/1\/wp-json\/wp\/v2\/posts\/169954\/revisions\/169956"}],"wp:featuredmedia":[{"embeddable":true,"href":"https:\/\/www.caririemacao.com\/1\/wp-json\/wp\/v2\/media\/169955"}],"wp:attachment":[{"href":"https:\/\/www.caririemacao.com\/1\/wp-json\/wp\/v2\/media?parent=169954"}],"wp:term":[{"taxonomy":"category","embeddable":true,"href":"https:\/\/www.caririemacao.com\/1\/wp-json\/wp\/v2\/categories?post=169954"},{"taxonomy":"post_tag","embeddable":true,"href":"https:\/\/www.caririemacao.com\/1\/wp-json\/wp\/v2\/tags?post=169954"}],"curies":[{"name":"wp","href":"https:\/\/api.w.org\/{rel}","templated":true}]}}