{"id":169961,"date":"2020-05-17T05:13:07","date_gmt":"2020-05-17T08:13:07","guid":{"rendered":"https:\/\/www.caririemacao.com\/1\/?p=169961"},"modified":"2020-05-17T05:13:07","modified_gmt":"2020-05-17T08:13:07","slug":"governo-bolsonaro-uma-crise-a-cada-50-dias-veja-a-cronologia","status":"publish","type":"post","link":"https:\/\/www.caririemacao.com\/1\/2020\/05\/17\/governo-bolsonaro-uma-crise-a-cada-50-dias-veja-a-cronologia\/","title":{"rendered":"Governo Bolsonaro uma crise a cada 50 dias. Veja a cronologia"},"content":{"rendered":"\n<h1 class=\"wp-block-heading\"><\/h1>\n\n\n\n<p>Desta vez, a sa\u00edda de Nelson Teich do Minist\u00e9rio da Sa\u00fade -o oncologista que h\u00e1 menos de um m\u00eas era anunciado pelo presidente como algu\u00e9m mais alinhado ao discurso do Pal\u00e1cio do Planalto no enfrentamento da pandemia do coronav\u00edrus do que seu antecessor, Luiz Henrique Mandetta.<\/p>\n\n\n\n<p>O terremoto na Sa\u00fade jogou para escanteio a crise que at\u00e9 o dia anterior ocupava manchetes de portais e a cabe\u00e7a dos brasileiros em quarentena: a repercuss\u00e3o do v\u00eddeo de uma reuni\u00e3o ministerial em que Bolsonaro teria pressionado o ent\u00e3o ministro da Justi\u00e7a, Sergio Moro, a trocar o comando da Pol\u00edcia Federal.<\/p>\n\n\n\n<p>Os dias de abril em que o pa\u00eds acompanhou, em suspenso, a novela da perman\u00eancia de Mandetta, parecem um passado distante.<\/p>\n\n\n\n<p>O que dizer ent\u00e3o das turbul\u00eancias de 2019? As queimadas na Amaz\u00f4nia, que derreteram o capital ambiental do Brasil na comunidade internacional, al\u00e7aram o Brasil a tema de uma reuni\u00e3o do G7 e provocaram um embate entre Bolsonaro e o presidente da Fran\u00e7a, Emmanuel Macron.<\/p>\n\n\n\n<p>Ou o esc\u00e2ndalo das candidaturas de laranjas do PSL, partido pelo qual Bolsonaro se elegeu em outubro de 2018 e com o qual j\u00e1 estava rompido um ano depois para criar a Alian\u00e7a pelo Brasil.<br>O governo Bolsonaro e seus personagens forneceram mat\u00e9ria-prima para um rol de crises que se sucedem quase que semanalmente desde a posse, em 1\u00ba de janeiro de 2019.<\/p>\n\n\n\n<p>Pode-se dizer que o presidente j\u00e1 come\u00e7ou o mandato envolto em uma: os relat\u00f3rios do Coaf, \u00f3rg\u00e3o de intelig\u00eancia financeira, revelados em dezembro de 2018 e que apontavam movimenta\u00e7\u00f5es suspeitas de Fabr\u00edcio Queiroz, ex-assessor de Fl\u00e1vio Bolsonaro, filho do presidente, na Assembleia Legislativa do Rio.<\/p>\n\n\n\n<p>Os 500 dias renderam ao menos uma crise a cada 50 dias. Relembre dez desses epis\u00f3dios a seguir.<br>Esc\u00e2ndalo dos laranjas e demiss\u00e3o de Bebianno \u2013 fev.19<\/p>\n\n\n\n<p>A primeira grande crise do governo estourou em 4.fev.19, quando a Folha de S.Paulo revelou que o ministro do Turismo, Marcelo \u00c1lvaro Ant\u00f4nio, patrocinou um esquema de candidaturas de laranjas em Minas Gerais, abastecidas com verba p\u00fablica do PSL, partido pelo qual Bolsonaro se elegeu.<\/p>\n\n\n\n<p>O presidente da sigla durante as elei\u00e7\u00f5es de 2018, Gustavo Bebianno, foi demitido da Secretaria-Geral da Presid\u00eancia ap\u00f3s entrar em rota de colis\u00e3o com um dos filhos do presidente, o vereador carioca Carlos Bolsonaro.<\/p>\n\n\n\n<p>E o esc\u00e2ndalo dos laranjas n\u00e3o terminou por a\u00ed. Em 4.out.19, a Pol\u00edcia Federal indiciou \u00c1lvaro Ant\u00f4nio sob suspeita de envolvimento no esquema. A investiga\u00e7\u00e3o concluiu que o ministro comandou o desvio de recursos. Ele nega.<\/p>\n\n\n\n<p><strong>Tens\u00e3o com a Pol\u00edcia Federal \u2013 ago.19<\/strong><br>Em um pr\u00f3logo da crise que viria a explodir com Sergio Moro e a Pol\u00edcia Federal neste ano, Bolsonaro atropelou a chefia da PF em agosto de 2019 e anunciou a troca do superintendente do Rio de Janeiro, Ricardo Saadi, por quest\u00f5es de gest\u00e3o e produtividade.<\/p>\n\n\n\n<p>O an\u00fancio pegou de surpresa a PF, que reagiu e divulgou nota negando que a mudan\u00e7a tivesse a ver com a conduta do superintendente. Bolsonaro tamb\u00e9m amea\u00e7ou trocar o diretor-geral, \u00e0 \u00e9poca Maur\u00edcio Valeixo.<\/p>\n\n\n\n<p>\u201cSugiro o cara de um estado para ir para l\u00e1: \u2018Est\u00e1 interferindo\u2019. Espera a\u00ed. Se eu n\u00e3o posso trocar o superintendente, eu vou trocar o diretor-geral\u201d, disse o presidente.<\/p>\n\n\n\n<p>Bolsonaro chegou a citar um delegado que assumiria a chefia do Rio, onde dois de seus filhos s\u00e3o alvo de investiga\u00e7\u00f5es, mas foi rebatido pela PF, que emplacou um nome da confian\u00e7a de Valeixo.<br>Queimadas na Amaz\u00f4nia \u2013 ago.19<\/p>\n\n\n\n<p>Numa crise ambiental que ganhou propor\u00e7\u00f5es internacionais, Bolsonaro trocou farpas com o presidente franc\u00eas, Emmanuel Macron, al\u00e9m de ofender sua esposa, Brigitte, em meio ao per\u00edodo com mais focos de inc\u00eandios desde 2010.<\/p>\n\n\n\n<p>O governo vinha embalado na turbul\u00eancia da exonera\u00e7\u00e3o do diretor do Inpe, Ricardo Galv\u00e3o, ap\u00f3s Bolsonaro criticar a divulga\u00e7\u00e3o de dados que indicavam aumento no desmatamento.<br>Sem provas, Bolsonaro acusou ONGs de estarem por tr\u00e1s dos inc\u00eandios e o ator Leonardo DiCaprio de financi\u00e1-las: \u201cO pessoal da ONG, o que eles fizeram? O que \u00e9 mais f\u00e1cil? Botar fogo no mato. [\u2026] DiCaprio t\u00e1 colaborando a\u00ed com a queimada, assim n\u00e3o d\u00e1\u201d. Em resposta, o ator disse que n\u00e3o financiava as organiza\u00e7\u00f5es que estavam \u201csob ataque\u201d.<\/p>\n\n\n\n<p><strong>Porteiro e investiga\u00e7\u00e3o do caso Marielle \u2013 out.\/nov.19<\/strong><br>A cita\u00e7\u00e3o ao nome de Bolsonaro por um porteiro do condom\u00ednio onde o presidente tem casa, no Rio de Janeiro, na investiga\u00e7\u00e3o do assassinato da vereadora Marielle Franco e do motorista Anderson Gomes levou a uma rea\u00e7\u00e3o explosiva do presidente, que fez uma live da Ar\u00e1bia Saudita, onde estava em viagem, para negar envolvimento no crime e atacar a TV Globo -que revelou a men\u00e7\u00e3o.<\/p>\n\n\n\n<p>No dia da morte de Marielle, em mar\u00e7o de 2018, Bolsonaro estava em Bras\u00edlia. Al\u00e9m disso, o porteiro afirmou depois \u00e0 Pol\u00edcia Federal ter cometido um erro ao citar o nome de Bolsonaro (\u201cseu Jair\u201d).<\/p>\n\n\n\n<p>Em fevereiro deste ano, um laudo da Pol\u00edcia Civil do Rio confirmou que o porteiro que interfonou para um dos acusados do crime naquele dia de mar\u00e7o de 2018 n\u00e3o \u00e9 o mesmo que prestou depoimento e citou o nome do presidente.<\/p>\n\n\n\n<p><strong>O retorno do AI-5 \u2013 out.\/nov.19<\/strong><br>Em duas ocasi\u00f5es em menos de um m\u00eas, o AI-5, ato que inaugurou o per\u00edodo mais repressor da ditadura militar, fechou o Congresso e cassou direitos, voltou ao debate pol\u00edtico.<\/p>\n\n\n\n<p>Primeiro pela boca do deputado Eduardo Bolsonaro, filho do presidente, que amea\u00e7ou \u201cum novo AI-5\u201d caso \u201ca esquerda radicalizasse\u201d, citando atos que tomaram as ruas do Chile \u00e0 \u00e9poca.<br>Depois foi a vez de o ministro da Economia, Paulo Guedes, dizer \u201cn\u00e3o se assustem, ent\u00e3o, se algu\u00e9m pedir o AI-5\u201d ao comentar convoca\u00e7\u00f5es de protestos pela oposi\u00e7\u00e3o -que n\u00e3o evolu\u00edram para grandes protestos.<\/p>\n\n\n\n<p>As duas men\u00e7\u00f5es ao AI-5 foram recha\u00e7adas por opositores, aliados, chefes de Poderes e intelectuais. No caso do coment\u00e1rio do filho, Bolsonaro disse: \u201cQuem quer que seja que fale em AI-5 est\u00e1 sonhando\u201d.<\/p>\n\n\n\n<p><strong>Rompimento com o PSL \u2013 nov.19<\/strong><br>Pouco mais de um ano ap\u00f3s se eleger presidente, Bolsonaro rompeu o casamento de conveni\u00eancia com o PSL em meio a uma guerra por recursos dos fundos partid\u00e1rio e eleitoral. A fritura come\u00e7ou quando Bolsonaro disse que Luciano Bivar, presidente da sigla, estava \u201cqueimado pra caramba\u201d.<\/p>\n\n\n\n<p>Como o PSL elegeu a segunda maior bancada da C\u00e2mara em 2018, passou a ter direito a R$ 110 milh\u00f5es de fundo partid\u00e1rio em 2019. Bolsonaro passou a criticar a legenda por falta de transpar\u00eancia e anunciou a cria\u00e7\u00e3o da Alian\u00e7a pelo Brasil.<\/p>\n\n\n\n<p>A nova legenda, por\u00e9m, fracassou no esfor\u00e7o de reunir assinaturas para formalizar sua cria\u00e7\u00e3o no TSE a tempo de disputar as elei\u00e7\u00f5es de 2020. Bolsonaro segue sem partido.<\/p>\n\n\n\n<p><strong>O discurso nazista na cultura \u2013 jan.20<\/strong><br>A queda do secret\u00e1rio da Cultura, Roberto Alvim, se deu em meio a uma onda generalizada de rep\u00fadio a um discurso em que ele parafraseou o ministro da Propaganda da Alemanha nazista, Joseph Goebbels.<\/p>\n\n\n\n<p>Em um v\u00eddeo de divulga\u00e7\u00e3o de editais de cultura, Alvim usou frases muito pr\u00f3ximas das utilizadas pelo nazista em um discurso sobre a arte alem\u00e3 proferido em 1933. \u201cA arte brasileira da pr\u00f3xima d\u00e9cada ser\u00e1 heroica e ser\u00e1 nacional\u201d, disse o secret\u00e1rio de Bolsonaro.<\/p>\n\n\n\n<p>As cr\u00edticas e a repercuss\u00e3o internacional do pronunciamento de Alvim tornaram insustent\u00e1vel sua perman\u00eancia no governo, e ele foi exonerado um dia ap\u00f3s a publica\u00e7\u00e3o do v\u00eddeo. Bolsonaro n\u00e3o se manifestou sobre o epis\u00f3dio.<\/p>\n\n\n\n<p><strong>Ascens\u00e3o e queda de Mandetta \u2013 abr.20<\/strong><br>Al\u00e7ado a protagonista com a pandemia do coronav\u00edrus, o ent\u00e3o ministro da Sa\u00fade, Luiz Henrique Mandetta, entrou na mira de Bolsonaro ao desaprovar a conduta do presidente, que criticava o isolamento social e promovia aglomera\u00e7\u00f5es.<\/p>\n\n\n\n<p>Enquanto o presidente tinha aprova\u00e7\u00e3o de 33% da popula\u00e7\u00e3o na gest\u00e3o da pandemia, o trabalho da Sa\u00fade era aprovado por 76%, segundo o Datafolha. Ap\u00f3s ter a perman\u00eancia no governo amea\u00e7ada, Mandetta foi mantido gra\u00e7as \u00e0 press\u00e3o da ala militar.<\/p>\n\n\n\n<p>O apoio, por\u00e9m, evaporou depois de o ministro afirmar, \u00e0 TV Globo, que o brasileiro \u201cn\u00e3o sabe se escuta o ministro da Sa\u00fade, se escuta o presidente\u201d. Quatro dias depois da entrevista, Bolsonaro demitiu Mandetta.<\/p>\n\n\n\n<p><strong>Moro pede demiss\u00e3o \u2013 abr.20<\/strong><br>A mais recente crise do governo ainda n\u00e3o terminou, haja vista os novos desdobramentos da investiga\u00e7\u00e3o que apura se Bolsonaro tentou interferir na PF, como o ex-ministro da Justi\u00e7a Sergio Moro afirmou ao anunciar sua demiss\u00e3o.<\/p>\n\n\n\n<p>Moro acusa Bolsonaro de inger\u00eancia na corpora\u00e7\u00e3o por causa das press\u00f5es que sofreu para trocar o diretor-geral Maur\u00edcio Valeixo. O presidente rebateu e acusou Moro de barganhar uma vaga no STF.<\/p>\n","protected":false},"excerpt":{"rendered":"<p>Desta vez, a sa\u00edda de Nelson Teich do Minist\u00e9rio da Sa\u00fade -o oncologista que h\u00e1 menos de um m\u00eas era anunciado pelo presidente como algu\u00e9m&hellip; <\/p>\n","protected":false},"author":2,"featured_media":169838,"comment_status":"closed","ping_status":"closed","sticky":false,"template":"","format":"standard","meta":{"sfsi_plus_gutenberg_text_before_share":"","sfsi_plus_gutenberg_show_text_before_share":"","sfsi_plus_gutenberg_icon_type":"","sfsi_plus_gutenberg_icon_alignemt":"","sfsi_plus_gutenburg_max_per_row":"","footnotes":""},"categories":[11],"tags":[],"class_list":["post-169961","post","type-post","status-publish","format-standard","has-post-thumbnail","hentry","category-politica"],"_links":{"self":[{"href":"https:\/\/www.caririemacao.com\/1\/wp-json\/wp\/v2\/posts\/169961","targetHints":{"allow":["GET"]}}],"collection":[{"href":"https:\/\/www.caririemacao.com\/1\/wp-json\/wp\/v2\/posts"}],"about":[{"href":"https:\/\/www.caririemacao.com\/1\/wp-json\/wp\/v2\/types\/post"}],"author":[{"embeddable":true,"href":"https:\/\/www.caririemacao.com\/1\/wp-json\/wp\/v2\/users\/2"}],"replies":[{"embeddable":true,"href":"https:\/\/www.caririemacao.com\/1\/wp-json\/wp\/v2\/comments?post=169961"}],"version-history":[{"count":1,"href":"https:\/\/www.caririemacao.com\/1\/wp-json\/wp\/v2\/posts\/169961\/revisions"}],"predecessor-version":[{"id":169962,"href":"https:\/\/www.caririemacao.com\/1\/wp-json\/wp\/v2\/posts\/169961\/revisions\/169962"}],"wp:featuredmedia":[{"embeddable":true,"href":"https:\/\/www.caririemacao.com\/1\/wp-json\/wp\/v2\/media\/169838"}],"wp:attachment":[{"href":"https:\/\/www.caririemacao.com\/1\/wp-json\/wp\/v2\/media?parent=169961"}],"wp:term":[{"taxonomy":"category","embeddable":true,"href":"https:\/\/www.caririemacao.com\/1\/wp-json\/wp\/v2\/categories?post=169961"},{"taxonomy":"post_tag","embeddable":true,"href":"https:\/\/www.caririemacao.com\/1\/wp-json\/wp\/v2\/tags?post=169961"}],"curies":[{"name":"wp","href":"https:\/\/api.w.org\/{rel}","templated":true}]}}