{"id":169964,"date":"2020-05-17T05:17:07","date_gmt":"2020-05-17T08:17:07","guid":{"rendered":"https:\/\/www.caririemacao.com\/1\/?p=169964"},"modified":"2020-05-17T05:17:07","modified_gmt":"2020-05-17T08:17:07","slug":"bolsonaro-da-cargos-e-nomeia-ex-ministro-de-michel-temer","status":"publish","type":"post","link":"https:\/\/www.caririemacao.com\/1\/2020\/05\/17\/bolsonaro-da-cargos-e-nomeia-ex-ministro-de-michel-temer\/","title":{"rendered":"Bolsonaro d\u00e1 cargos e nomeia ex-ministro de Michel Temer"},"content":{"rendered":"\n<h1 class=\"wp-block-heading\"><\/h1>\n\n\n\n<p> Bolsonaro tem se articulado com partidos do chamado centr\u00e3o, distribuindo cargos a essas legendas em troca de apoio no Congresso para evitar a abertura de um poss\u00edvel processo de impeachment.<\/p>\n\n\n\n<p>Marun (foto), que no governo Temer comandou a Secretaria-Geral da Presid\u00eancia, foi indicado para Itaipu no \u00faltimo dia do mandato do emedebista. O mandato na Itaipu Binacional terminava neste s\u00e1bado (16) e, com a renova\u00e7\u00e3o decidida por Bolsonaro, o ex-ministro tem assento na usina at\u00e9 2024.<\/p>\n\n\n\n<p>Quando deputado federal, Marun foi o l\u00edder da tropa de choque do ex-presidente da C\u00e2mara, Eduardo Cunha (MDB-RJ).<\/p>\n\n\n\n<p>No in\u00edcio de 2019, Bolsonaro chegou a avaliar suspender a nomea\u00e7\u00e3o, mas, segundo o ent\u00e3o ministro da Casa Civil, Onyx Lorenzoni (DEM), o mandat\u00e1rio decidiu mant\u00ea-lo no posto por respeito a uma decis\u00e3o do ex-presidente Temer.<\/p>\n\n\n\n<p>Nos \u00faltimos meses, com a aproxima\u00e7\u00e3o do MDB e do centr\u00e3o do governo, Marun passou a trabalhar por sua recondu\u00e7\u00e3o para Itaipu. Ele chegou a ser levado para reuni\u00f5es no Pal\u00e1cio do Planalto pelo presidente do partido, Baleia Rossi (SP).<\/p>\n\n\n\n<p>Al\u00e9m do ex-ministro, o Di\u00e1rio Oficial da Uni\u00e3o traz a recondu\u00e7\u00e3o do ex-deputado Jos\u00e9 Carlos Aleluia (DEM) -antigo cacique do partido e aliado pr\u00f3ximo do prefeito de Salvador, ACM Neto- para o conselho da usina.<\/p>\n\n\n\n<p>Tamb\u00e9m foram reconduzidos : C\u00e9lio Faria J\u00fanior, assessor especial de Bolsonaro; Wilson Ferreira Junior, presidente da Eletrobras; e Pedro Miguel da Costa e Silva, diplomata e secret\u00e1rio de negocia\u00e7\u00f5es bilaterais e regionais nas Am\u00e9ricas do Itamaraty. O ministro de Minas e Energia, Bento Albuquerque, foi nomeado para um assento no conselho.<\/p>\n\n\n\n<p>Gigantes do chamado centr\u00e3o, como PP, PL e Republicanos, est\u00e3o gerenciando a distribui\u00e7\u00e3o de cargos do governo federal para atrair partidos menores para a base de apoio de Bolsonaro no Congresso.<\/p>\n\n\n\n<p>Eleito com a promessa de acabar com o que chama de \u201cvelha pol\u00edtica\u201d, moldada no toma l\u00e1 d\u00e1 c\u00e1, o presidente iniciou nas \u00faltimas semanas negocia\u00e7\u00f5es com o novo centr\u00e3o.<\/p>\n\n\n\n<p>O \u201ctoma l\u00e1\u201d s\u00e3o os v\u00e1rios cargos de segundo e terceiro escal\u00e3o da m\u00e1quina federal, postos cobi\u00e7ados por caciques partid\u00e1rios para manter seu grau de influ\u00eancia em Bras\u00edlia e nos estados. O \u201cd\u00e1 c\u00e1\u201d \u00e9 uma base de apoio m\u00ednima no Congresso para, mais do que aprovar projetos de seu interesse, evitar a abertura de um poss\u00edvel processo de impeachment.<\/p>\n\n\n\n<p>Para se ver fora da cadeira presidencial, Bolsonaro precisa ter ao menos 342 dos 513 deputados contra ele e um clima prop\u00edcio \u00e0 destitui\u00e7\u00e3o -economia em frangalhos, tens\u00e3o nas ruas, por exemplo.<\/p>\n\n\n\n<p>L\u00edderes de partidos do chamado centr\u00e3o afirmam que Bolsonaro enquadrou ministros que resistiam em ceder cargos de suas pastas ao grupo, deixando claro que quem se opuser pode ser demitido do governo.<\/p>\n\n\n\n<p>Segundo relato desses parlamentares, a atitude de Bolsonaro se deu em dois atos: primeiro, for\u00e7ou a demiss\u00e3o de Sergio Moro (Justi\u00e7a), que no come\u00e7o da gest\u00e3o chegou a ser considerado \u201cindemiss\u00edvel\u201d, justamente em um contexto de que tem a palavra final sobre cargos-chave.<\/p>\n\n\n\n<p>Antes da exonera\u00e7\u00e3o, ele havia deixado claro em reuni\u00e3o com todos os ministros que a prerrogativa de fazer nomea\u00e7\u00f5es no governo era dele.<\/p>\n\n\n\n<p>Depois, reafirmou a quem ficou, em encontros coletivos e a s\u00f3s, que ele ir\u00e1 distribuir postos de segundo e terceiro escal\u00e3o ao centr\u00e3o e que n\u00e3o aceitar\u00e1 recusas. A conduta do presidente foi confirmada por integrantes do governo<\/p>\n","protected":false},"excerpt":{"rendered":"<p>Bolsonaro tem se articulado com partidos do chamado centr\u00e3o, distribuindo cargos a essas legendas em troca de apoio no Congresso para evitar a abertura de&hellip; <\/p>\n","protected":false},"author":2,"featured_media":169965,"comment_status":"closed","ping_status":"closed","sticky":false,"template":"","format":"standard","meta":{"sfsi_plus_gutenberg_text_before_share":"","sfsi_plus_gutenberg_show_text_before_share":"","sfsi_plus_gutenberg_icon_type":"","sfsi_plus_gutenberg_icon_alignemt":"","sfsi_plus_gutenburg_max_per_row":"","footnotes":""},"categories":[11],"tags":[],"class_list":["post-169964","post","type-post","status-publish","format-standard","has-post-thumbnail","hentry","category-politica"],"_links":{"self":[{"href":"https:\/\/www.caririemacao.com\/1\/wp-json\/wp\/v2\/posts\/169964","targetHints":{"allow":["GET"]}}],"collection":[{"href":"https:\/\/www.caririemacao.com\/1\/wp-json\/wp\/v2\/posts"}],"about":[{"href":"https:\/\/www.caririemacao.com\/1\/wp-json\/wp\/v2\/types\/post"}],"author":[{"embeddable":true,"href":"https:\/\/www.caririemacao.com\/1\/wp-json\/wp\/v2\/users\/2"}],"replies":[{"embeddable":true,"href":"https:\/\/www.caririemacao.com\/1\/wp-json\/wp\/v2\/comments?post=169964"}],"version-history":[{"count":1,"href":"https:\/\/www.caririemacao.com\/1\/wp-json\/wp\/v2\/posts\/169964\/revisions"}],"predecessor-version":[{"id":169966,"href":"https:\/\/www.caririemacao.com\/1\/wp-json\/wp\/v2\/posts\/169964\/revisions\/169966"}],"wp:featuredmedia":[{"embeddable":true,"href":"https:\/\/www.caririemacao.com\/1\/wp-json\/wp\/v2\/media\/169965"}],"wp:attachment":[{"href":"https:\/\/www.caririemacao.com\/1\/wp-json\/wp\/v2\/media?parent=169964"}],"wp:term":[{"taxonomy":"category","embeddable":true,"href":"https:\/\/www.caririemacao.com\/1\/wp-json\/wp\/v2\/categories?post=169964"},{"taxonomy":"post_tag","embeddable":true,"href":"https:\/\/www.caririemacao.com\/1\/wp-json\/wp\/v2\/tags?post=169964"}],"curies":[{"name":"wp","href":"https:\/\/api.w.org\/{rel}","templated":true}]}}