{"id":169968,"date":"2020-05-17T05:22:18","date_gmt":"2020-05-17T08:22:18","guid":{"rendered":"https:\/\/www.caririemacao.com\/1\/?p=169968"},"modified":"2020-05-17T05:22:18","modified_gmt":"2020-05-17T08:22:18","slug":"regina-duarte-desabafa-sou-vitima-de-venenosos-da-imprensa","status":"publish","type":"post","link":"https:\/\/www.caririemacao.com\/1\/2020\/05\/17\/regina-duarte-desabafa-sou-vitima-de-venenosos-da-imprensa\/","title":{"rendered":"Regina Duarte desabafa: sou v\u00edtima de \u2018venenosos\u2019 da imprensa"},"content":{"rendered":"\n<h1 class=\"wp-block-heading\"><\/h1>\n\n\n\n<p>Desde que foi nomeada para chefiar a secretaria da Cultura -atualmente vinculada ao Minist\u00e9rio do Turismo-, Regina tem sofrido com cr\u00edticas da ala ideol\u00f3gica do governo Bolsonaro e da classe art\u00edstica.<\/p>\n\n\n\n<p>Seu secret\u00e1rio adjunto da pasta, Pedro Horta, foi exonerado do cargo nesta sexta (15), em decis\u00e3o publicada no Di\u00e1rio Oficial e assinada pelo ministro Walter Braga Netto (Casa Civil).<\/p>\n\n\n\n<p>O advogado chegou \u00e0 secretaria adjunta no final de abril, ap\u00f3s ter sido chefe de gabinete de Regina. Antes do governo, ele era o respons\u00e1vel pelo departamento comercial da Ceagesp (Companhia de Entrepostos e Armaz\u00e9ns Gerais de S\u00e3o Paulo).<\/p>\n\n\n\n<p>\u00c9 a primeira vez que a atriz se manifesta desde a demiss\u00e3o, embora n\u00e3o tenha comentado o assunto diretamente. \u201cEm breve voc\u00eas poder\u00e3o ver os resultados da Cultura que quero pro meu pa\u00eds, acontecendo sob minha gest\u00e3o\u201d, escreveu.<\/p>\n\n\n\n<p>Na quinta (7), Regina encerrou uma entrevista a uma emissora de TV CNN ao ser confrontada com cr\u00edticas feitas pela atriz Mait\u00ea Proen\u00e7a.<\/p>\n\n\n\n<p>\u201cO que voc\u00ea ganha com isso? Quem \u00e9 voc\u00ea que est\u00e1 desenterrando uma fala da Mait\u00ea [Proen\u00e7a] de dois meses atr\u00e1s? Eu n\u00e3o quero ouvir, ela tem o meu telefone. Eu tinha tanta coisa para falar, voc\u00eas est\u00e3o desenterrando mortos\u201d, disse Regina, colocando fim \u00e0 entrevista concedida \u00e0 CNN Brasil.<\/p>\n\n\n\n<p>Ela ficou irritada quando a emissora mostrou um v\u00eddeo enviado nesta quinta por Mait\u00ea pedindo que a secret\u00e1ria desse solu\u00e7\u00f5es para a classe art\u00edstica em meio \u00e0 pandemia.<\/p>\n\n\n\n<p>Ela tamb\u00e9m minimizou a ditadura militar, a tortura e as mortes pelo novo coronav\u00edrus no Brasil. Por outro lado, o desempenho de Regina foi bem avaliado por Bolsonaro e, segundo assessores do mandat\u00e1rio, deram uma sobrevida \u00e0 atriz no cargo.<\/p>\n","protected":false},"excerpt":{"rendered":"<p>Desde que foi nomeada para chefiar a secretaria da Cultura -atualmente vinculada ao Minist\u00e9rio do Turismo-, Regina tem sofrido com cr\u00edticas da ala ideol\u00f3gica do&hellip; <\/p>\n","protected":false},"author":2,"featured_media":169969,"comment_status":"closed","ping_status":"closed","sticky":false,"template":"","format":"standard","meta":{"sfsi_plus_gutenberg_text_before_share":"","sfsi_plus_gutenberg_show_text_before_share":"","sfsi_plus_gutenberg_icon_type":"","sfsi_plus_gutenberg_icon_alignemt":"","sfsi_plus_gutenburg_max_per_row":"","footnotes":""},"categories":[2],"tags":[],"class_list":["post-169968","post","type-post","status-publish","format-standard","has-post-thumbnail","hentry","category-geral"],"_links":{"self":[{"href":"https:\/\/www.caririemacao.com\/1\/wp-json\/wp\/v2\/posts\/169968","targetHints":{"allow":["GET"]}}],"collection":[{"href":"https:\/\/www.caririemacao.com\/1\/wp-json\/wp\/v2\/posts"}],"about":[{"href":"https:\/\/www.caririemacao.com\/1\/wp-json\/wp\/v2\/types\/post"}],"author":[{"embeddable":true,"href":"https:\/\/www.caririemacao.com\/1\/wp-json\/wp\/v2\/users\/2"}],"replies":[{"embeddable":true,"href":"https:\/\/www.caririemacao.com\/1\/wp-json\/wp\/v2\/comments?post=169968"}],"version-history":[{"count":1,"href":"https:\/\/www.caririemacao.com\/1\/wp-json\/wp\/v2\/posts\/169968\/revisions"}],"predecessor-version":[{"id":169970,"href":"https:\/\/www.caririemacao.com\/1\/wp-json\/wp\/v2\/posts\/169968\/revisions\/169970"}],"wp:featuredmedia":[{"embeddable":true,"href":"https:\/\/www.caririemacao.com\/1\/wp-json\/wp\/v2\/media\/169969"}],"wp:attachment":[{"href":"https:\/\/www.caririemacao.com\/1\/wp-json\/wp\/v2\/media?parent=169968"}],"wp:term":[{"taxonomy":"category","embeddable":true,"href":"https:\/\/www.caririemacao.com\/1\/wp-json\/wp\/v2\/categories?post=169968"},{"taxonomy":"post_tag","embeddable":true,"href":"https:\/\/www.caririemacao.com\/1\/wp-json\/wp\/v2\/tags?post=169968"}],"curies":[{"name":"wp","href":"https:\/\/api.w.org\/{rel}","templated":true}]}}