{"id":169972,"date":"2020-05-17T05:25:53","date_gmt":"2020-05-17T08:25:53","guid":{"rendered":"https:\/\/www.caririemacao.com\/1\/?p=169972"},"modified":"2020-05-17T05:25:53","modified_gmt":"2020-05-17T08:25:53","slug":"taperoa-confirma-cinco-novos-casos-da-covid-19-e-municipio-segue-como-o-mais-afetado-pela-doenca-no-cariri-2","status":"publish","type":"post","link":"https:\/\/www.caririemacao.com\/1\/2020\/05\/17\/taperoa-confirma-cinco-novos-casos-da-covid-19-e-municipio-segue-como-o-mais-afetado-pela-doenca-no-cariri-2\/","title":{"rendered":"Tapero\u00e1 confirma cinco novos casos da Covid-19 e munic\u00edpio segue como o mais afetado pela doen\u00e7a no Cariri"},"content":{"rendered":"\n<h1 class=\"wp-block-heading\"><\/h1>\n\n\n\n<p>A Prefeitura de Tapero\u00e1 atrav\u00e9s da Secretaria Municipal de Sa\u00fade divulgou o seu mais novo boletim epidemiol\u00f3gico na noite desta \u00faltima sexta-feira, dia 15 de maio.<\/p>\n\n\n\n<p>A cada boletim divulgado os casos vem aumentando gradativamente e deixando o munic\u00edpio em estado de alerta. Nas \u00faltimas 24 horas, mais cinco novos casos foram confirmados em Tapero\u00e1.<\/p>\n\n\n\n<p>O aumento no n\u00famero de casos se deve a confirma\u00e7\u00e3o de casos suspeitos que j\u00e1 vinham sendo monitorados pelo departamento de vigil\u00e2ncia epidemiol\u00f3gica do munic\u00edpio. Os casos seguem sendo acompanhados pelos profissionais de sa\u00fade que vem realizando o trabalho de controle e preven\u00e7\u00e3o, testando e monitorando os casos suspeitos.<\/p>\n\n\n\n<p>Tapero\u00e1 hoje contabiliza 24 casos confirmados da Covid-19, tendo ainda 04 suspeitos que ainda est\u00e3o sob investiga\u00e7\u00e3o. A zona rural \u00e9 o local que mais concentra casos da doen\u00e7a, com registro de 14 casos confirmados da doen\u00e7a.<\/p>\n\n\n\n<p>Tapero\u00e1 segue de longe sendo o munic\u00edpio do Cariri paraibano mais afetado pela contamina\u00e7\u00e3o do coronav\u00edrus.<\/p>\n\n\n\n<div class=\"wp-block-image\"><figure class=\"aligncenter\"><img decoding=\"async\" data-src=\"http:\/\/deolhonocariri.com.br\/wp-content\/uploads\/2020\/05\/97591551_4072043272835719_6188381775647997952_o-1.jpg\" alt=\"\" class=\"wp-image-82488 lazyload\" src=\"data:image\/svg+xml;base64,PHN2ZyB3aWR0aD0iMSIgaGVpZ2h0PSIxIiB4bWxucz0iaHR0cDovL3d3dy53My5vcmcvMjAwMC9zdmciPjwvc3ZnPg==\" \/><\/figure><\/div>\n\n\n\n<p><strong>De Olho no Cariri<\/strong><\/p>\n","protected":false},"excerpt":{"rendered":"<p>A Prefeitura de Tapero\u00e1 atrav\u00e9s da Secretaria Municipal de Sa\u00fade divulgou o seu mais novo boletim epidemiol\u00f3gico na noite desta \u00faltima sexta-feira, dia 15 de&hellip; <\/p>\n","protected":false},"author":2,"featured_media":169973,"comment_status":"closed","ping_status":"closed","sticky":false,"template":"","format":"standard","meta":{"sfsi_plus_gutenberg_text_before_share":"","sfsi_plus_gutenberg_show_text_before_share":"","sfsi_plus_gutenberg_icon_type":"","sfsi_plus_gutenberg_icon_alignemt":"","sfsi_plus_gutenburg_max_per_row":"","footnotes":""},"categories":[2],"tags":[],"class_list":["post-169972","post","type-post","status-publish","format-standard","has-post-thumbnail","hentry","category-geral"],"_links":{"self":[{"href":"https:\/\/www.caririemacao.com\/1\/wp-json\/wp\/v2\/posts\/169972","targetHints":{"allow":["GET"]}}],"collection":[{"href":"https:\/\/www.caririemacao.com\/1\/wp-json\/wp\/v2\/posts"}],"about":[{"href":"https:\/\/www.caririemacao.com\/1\/wp-json\/wp\/v2\/types\/post"}],"author":[{"embeddable":true,"href":"https:\/\/www.caririemacao.com\/1\/wp-json\/wp\/v2\/users\/2"}],"replies":[{"embeddable":true,"href":"https:\/\/www.caririemacao.com\/1\/wp-json\/wp\/v2\/comments?post=169972"}],"version-history":[{"count":1,"href":"https:\/\/www.caririemacao.com\/1\/wp-json\/wp\/v2\/posts\/169972\/revisions"}],"predecessor-version":[{"id":169974,"href":"https:\/\/www.caririemacao.com\/1\/wp-json\/wp\/v2\/posts\/169972\/revisions\/169974"}],"wp:featuredmedia":[{"embeddable":true,"href":"https:\/\/www.caririemacao.com\/1\/wp-json\/wp\/v2\/media\/169973"}],"wp:attachment":[{"href":"https:\/\/www.caririemacao.com\/1\/wp-json\/wp\/v2\/media?parent=169972"}],"wp:term":[{"taxonomy":"category","embeddable":true,"href":"https:\/\/www.caririemacao.com\/1\/wp-json\/wp\/v2\/categories?post=169972"},{"taxonomy":"post_tag","embeddable":true,"href":"https:\/\/www.caririemacao.com\/1\/wp-json\/wp\/v2\/tags?post=169972"}],"curies":[{"name":"wp","href":"https:\/\/api.w.org\/{rel}","templated":true}]}}