{"id":169976,"date":"2020-05-17T05:32:38","date_gmt":"2020-05-17T08:32:38","guid":{"rendered":"https:\/\/www.caririemacao.com\/1\/?p=169976"},"modified":"2020-05-17T05:32:38","modified_gmt":"2020-05-17T08:32:38","slug":"tce-pb-atualiza-cartilha-que-orienta-prefeitos-e-demais-gestores-publicos-sobre-proibicoes-no-periodo-eleitoral","status":"publish","type":"post","link":"https:\/\/www.caririemacao.com\/1\/2020\/05\/17\/tce-pb-atualiza-cartilha-que-orienta-prefeitos-e-demais-gestores-publicos-sobre-proibicoes-no-periodo-eleitoral\/","title":{"rendered":"TCE-PB atualiza cartilha que orienta prefeitos e demais gestores p\u00fablicos sobre proibi\u00e7\u00f5es no per\u00edodo eleitoral"},"content":{"rendered":"\n<h1 class=\"wp-block-heading\"><\/h1>\n\n\n\n<p>O Tribunal de Contas do Estado atualizou sua cartilha acerca das regras de final de mandato para os prefeitos e demais agentes p\u00fablicos. A publica\u00e7\u00e3o pode ser acessada no portal do TCE (<a href=\"http:\/\/tce.pb.gov.br\/\" target=\"_blank\" rel=\"noreferrer noopener\">tce.pb.gov.br<\/a>) e refere-se \u00e0s elei\u00e7\u00f5es municipais de 2020, alertando os gestores acerca das proibi\u00e7\u00f5es a serem observadas no per\u00edodo eleitoral. O acesso poder\u00e1 ser feito pelo endere\u00e7o eletr\u00f4nico:<strong><a href=\"https:\/\/tce.pb.gov.br\/publicacoes\/cartilhas-manuais-e-orientacoes\">&nbsp;ACESSE AQUI<\/a><\/strong><\/p>\n\n\n\n<p>&nbsp;O documento detalha que no \u00faltimo ano de mandato, imp\u00f5em-se restri\u00e7\u00f5es com vistas a evitar o mau uso de recursos p\u00fablicos em proveito pr\u00f3prio ou de terceiros, em detrimento do interesse da coletividade. Detalha o \u00a7 1\u00ba do art. 73 da Lei Eleitoral, que agente p\u00fablico \u00e9 todo aquele que exerce, ainda que transitoriamente ou sem remunera\u00e7\u00e3o, por elei\u00e7\u00e3o, nomea\u00e7\u00e3o, designa\u00e7\u00e3o, contrata\u00e7\u00e3o ou qualquer outra forma de investidura ou v\u00ednculo, mandato, cargo, emprego ou fun\u00e7\u00e3o nos \u00f3rg\u00e3os ou entidades da administra\u00e7\u00e3o p\u00fablica direta, indireta ou fundacional.<\/p>\n\n\n\n<p>Sendo assim, observa-se que a legisla\u00e7\u00e3o cont\u00e1bil e financeira vigente, relaciona uma s\u00e9rie de limita\u00e7\u00f5es \u00e0 a\u00e7\u00e3o dos gestores p\u00fablicos em seu \u00faltimo ano de mandato, combinada com as condutas vedadas aos agentes p\u00fablicos em campanhas eleitorais, conforme previsto na Lei eleitoral Lei n\u00ba 9.504\/97, prev\u00ea nos seus artigos73 a78.<\/p>\n\n\n\n<p><strong>Prazos e Limita\u00e7\u00f5es<\/strong>&nbsp;\u2013 Verifica-se a abrang\u00eancia das veda\u00e7\u00f5es, quanto aos prazos, raz\u00e3o pela qual \u00e9 recomend\u00e1vel ao agente p\u00fablico, que antes de praticar qualquer ato de cess\u00e3o ou uso de bens ou servi\u00e7os p\u00fablicos, certifique-se de n\u00e3o estar incorrendo nas veda\u00e7\u00f5es tratadas no decorrer de todo o ano eleitoral.<\/p>\n\n\n\n<p>A Lei Eleitoral insere entre as veda\u00e7\u00f5es sem prazos expressamente definidos o ato de ceder ou usar, em benef\u00edcio de candidato, partido pol\u00edtico ou coliga\u00e7\u00e3o, bens m\u00f3veis ou im\u00f3veis pertencentes \u00e0 administra\u00e7\u00e3o, ressalvada a realiza\u00e7\u00e3o de conven\u00e7\u00e3o partid\u00e1ria. Tamb\u00e9m, usar materiais ou servi\u00e7os, custeados pelos governos ou casas legislativas, que excedam as prerrogativas consignadas nos regimentos e normas dos \u00f3rg\u00e3os que integram, ou usar os servi\u00e7os de qualquer servidor ou empregado p\u00fablico do Poder Executivo, para comit\u00eas de campanha eleitoral, durante o hor\u00e1rio de expediente normal.<\/p>\n\n\n\n<p>A Cartilha aponta ainda a proibi\u00e7\u00e3o, no que tange \u00e0 distribui\u00e7\u00e3o gratuita de bens, valores ou benef\u00edcios por parte da Administra\u00e7\u00e3o P\u00fablica, com exce\u00e7\u00e3o para as situa\u00e7\u00f5es de calamidade p\u00fablica, estado de emerg\u00eancia ou programas sociais autorizados em lei e j\u00e1 em execu\u00e7\u00e3o or\u00e7ament\u00e1ria no exerc\u00edcio anterior. Tais programas n\u00e3o poder\u00e3o ser executados, nos anos eleitorais, por entidade nominalmente vinculada ao candidato ou por esse mantida.<\/p>\n\n\n\n<p>Outras orienta\u00e7\u00f5es est\u00e3o inseridas na cartilha, sobre quest\u00f5es relativas \u00e0s regras a serem observadas no 1\u00ba quadrimestre do \u00faltimo ano do mandato, as proibi\u00e7\u00f5es previstas para o primeiro semestre, assim tamb\u00e9m para os dois \u00faltimos quadrimestres, bem como em rela\u00e7\u00e3o aos \u00faltimos 180 dias de mandato e nos tr\u00eas meses que antecedem as elei\u00e7\u00f5es, entre outras.<\/p>\n","protected":false},"excerpt":{"rendered":"<p>O Tribunal de Contas do Estado atualizou sua cartilha acerca das regras de final de mandato para os prefeitos e demais agentes p\u00fablicos. A publica\u00e7\u00e3o&hellip; <\/p>\n","protected":false},"author":2,"featured_media":169977,"comment_status":"closed","ping_status":"closed","sticky":false,"template":"","format":"standard","meta":{"sfsi_plus_gutenberg_text_before_share":"","sfsi_plus_gutenberg_show_text_before_share":"","sfsi_plus_gutenberg_icon_type":"","sfsi_plus_gutenberg_icon_alignemt":"","sfsi_plus_gutenburg_max_per_row":"","footnotes":""},"categories":[2],"tags":[],"class_list":["post-169976","post","type-post","status-publish","format-standard","has-post-thumbnail","hentry","category-geral"],"_links":{"self":[{"href":"https:\/\/www.caririemacao.com\/1\/wp-json\/wp\/v2\/posts\/169976","targetHints":{"allow":["GET"]}}],"collection":[{"href":"https:\/\/www.caririemacao.com\/1\/wp-json\/wp\/v2\/posts"}],"about":[{"href":"https:\/\/www.caririemacao.com\/1\/wp-json\/wp\/v2\/types\/post"}],"author":[{"embeddable":true,"href":"https:\/\/www.caririemacao.com\/1\/wp-json\/wp\/v2\/users\/2"}],"replies":[{"embeddable":true,"href":"https:\/\/www.caririemacao.com\/1\/wp-json\/wp\/v2\/comments?post=169976"}],"version-history":[{"count":1,"href":"https:\/\/www.caririemacao.com\/1\/wp-json\/wp\/v2\/posts\/169976\/revisions"}],"predecessor-version":[{"id":169978,"href":"https:\/\/www.caririemacao.com\/1\/wp-json\/wp\/v2\/posts\/169976\/revisions\/169978"}],"wp:featuredmedia":[{"embeddable":true,"href":"https:\/\/www.caririemacao.com\/1\/wp-json\/wp\/v2\/media\/169977"}],"wp:attachment":[{"href":"https:\/\/www.caririemacao.com\/1\/wp-json\/wp\/v2\/media?parent=169976"}],"wp:term":[{"taxonomy":"category","embeddable":true,"href":"https:\/\/www.caririemacao.com\/1\/wp-json\/wp\/v2\/categories?post=169976"},{"taxonomy":"post_tag","embeddable":true,"href":"https:\/\/www.caririemacao.com\/1\/wp-json\/wp\/v2\/tags?post=169976"}],"curies":[{"name":"wp","href":"https:\/\/api.w.org\/{rel}","templated":true}]}}