{"id":169980,"date":"2020-05-17T06:58:50","date_gmt":"2020-05-17T09:58:50","guid":{"rendered":"https:\/\/www.caririemacao.com\/1\/?p=169980"},"modified":"2020-05-17T06:58:50","modified_gmt":"2020-05-17T09:58:50","slug":"assembleia-legislativa-vai-homenagear-paraibanos-vitimas-do-novo-coronavirus","status":"publish","type":"post","link":"https:\/\/www.caririemacao.com\/1\/2020\/05\/17\/assembleia-legislativa-vai-homenagear-paraibanos-vitimas-do-novo-coronavirus\/","title":{"rendered":"Assembleia Legislativa vai homenagear paraibanos v\u00edtimas do novo coronav\u00edrus"},"content":{"rendered":"\n<h3 class=\"wp-block-heading\"><\/h3>\n\n\n\n<hr class=\"wp-block-separator\"\/>\n\n\n\n<p>A Assembleia Legislativa da Para\u00edba (ALPB) vai realizar uma sess\u00e3o solene para homenagear todos os paraibanos v\u00edtimas do coronav\u00edrus (Covid-19) no estado. A solenidade foi aprovada, por unanimidade, atrav\u00e9s de um requerimento de autoria do deputado Raniery Paulino, e deve acontecer no momento em que as atividades voltarem a normalidade, na sede do Legislativo Estadual.<\/p>\n\n\n\n<p>Raniery afirmou que a homenagem ser\u00e1 para todas as pessoas que faleceram em decorr\u00eancia da pandemia, representadas pela a ex-deputada federal e deputada estadual L\u00facia Braga, que morreu v\u00edtima da Covid-19, no dia 8 de maio deste ano. \u201c\u00c9 uma sauda\u00e7\u00e3o justa, pois em todos os casos n\u00e3o foi poss\u00edvel reunir a fam\u00edlia e os amigos no momento do vel\u00f3rio e sepultamento, em decorr\u00eancia das recomenda\u00e7\u00f5es da vigil\u00e2ncia sanit\u00e1ria e do Minist\u00e9rio da Sa\u00fade\u201d, ressaltou.<\/p>\n\n\n\n<p>O deputado acrescentou que a propositura, portanto, tem o objetivo de ajudar a todos que ficaram a lidarem melhor com o luto, proporcionando momentos de lembran\u00e7as e ora\u00e7\u00f5es. \u201cSer\u00e1 um momento para que eles se juntem e se unam, toda a fam\u00edlia e amigos, para que a tristeza que ficou seja minimizada e a hist\u00f3ria constru\u00edda seja recordada\u201d, destacou Raniery.<\/p>\n","protected":false},"excerpt":{"rendered":"<p>A Assembleia Legislativa da Para\u00edba (ALPB) vai realizar uma sess\u00e3o solene para homenagear todos os paraibanos v\u00edtimas do coronav\u00edrus (Covid-19) no estado. A solenidade foi&hellip; <\/p>\n","protected":false},"author":2,"featured_media":169981,"comment_status":"closed","ping_status":"closed","sticky":false,"template":"","format":"standard","meta":{"sfsi_plus_gutenberg_text_before_share":"","sfsi_plus_gutenberg_show_text_before_share":"","sfsi_plus_gutenberg_icon_type":"","sfsi_plus_gutenberg_icon_alignemt":"","sfsi_plus_gutenburg_max_per_row":"","footnotes":""},"categories":[2],"tags":[],"class_list":["post-169980","post","type-post","status-publish","format-standard","has-post-thumbnail","hentry","category-geral"],"_links":{"self":[{"href":"https:\/\/www.caririemacao.com\/1\/wp-json\/wp\/v2\/posts\/169980","targetHints":{"allow":["GET"]}}],"collection":[{"href":"https:\/\/www.caririemacao.com\/1\/wp-json\/wp\/v2\/posts"}],"about":[{"href":"https:\/\/www.caririemacao.com\/1\/wp-json\/wp\/v2\/types\/post"}],"author":[{"embeddable":true,"href":"https:\/\/www.caririemacao.com\/1\/wp-json\/wp\/v2\/users\/2"}],"replies":[{"embeddable":true,"href":"https:\/\/www.caririemacao.com\/1\/wp-json\/wp\/v2\/comments?post=169980"}],"version-history":[{"count":1,"href":"https:\/\/www.caririemacao.com\/1\/wp-json\/wp\/v2\/posts\/169980\/revisions"}],"predecessor-version":[{"id":169982,"href":"https:\/\/www.caririemacao.com\/1\/wp-json\/wp\/v2\/posts\/169980\/revisions\/169982"}],"wp:featuredmedia":[{"embeddable":true,"href":"https:\/\/www.caririemacao.com\/1\/wp-json\/wp\/v2\/media\/169981"}],"wp:attachment":[{"href":"https:\/\/www.caririemacao.com\/1\/wp-json\/wp\/v2\/media?parent=169980"}],"wp:term":[{"taxonomy":"category","embeddable":true,"href":"https:\/\/www.caririemacao.com\/1\/wp-json\/wp\/v2\/categories?post=169980"},{"taxonomy":"post_tag","embeddable":true,"href":"https:\/\/www.caririemacao.com\/1\/wp-json\/wp\/v2\/tags?post=169980"}],"curies":[{"name":"wp","href":"https:\/\/api.w.org\/{rel}","templated":true}]}}