{"id":169988,"date":"2020-05-17T07:06:39","date_gmt":"2020-05-17T10:06:39","guid":{"rendered":"https:\/\/www.caririemacao.com\/1\/?p=169988"},"modified":"2020-05-17T07:06:39","modified_gmt":"2020-05-17T10:06:39","slug":"governo-exonera-numero-2-de-regina-duarte-na-cultura","status":"publish","type":"post","link":"https:\/\/www.caririemacao.com\/1\/2020\/05\/17\/governo-exonera-numero-2-de-regina-duarte-na-cultura\/","title":{"rendered":"Governo exonera n\u00famero 2 de Regina Duarte na Cultura"},"content":{"rendered":"\n<h2 class=\"wp-block-heading\"><\/h2>\n\n\n\n<p>O governo Jair Bolsonaro (sem partido) exonerou o secret\u00e1rio especial adjunto Pedro Jos\u00e9 Vilar Godoy Horta da Secretaria Especial de Cultura, comandada por Regina Duarte. A exonera\u00e7\u00e3o do n\u00famero dois de Regina foi publicada ontem em edi\u00e7\u00e3o extra do Di\u00e1rio Oficial da Uni\u00e3o.<br><br>A demiss\u00e3o \u00e9 assinada pelo ministro-chefe da Casa Civil, Walter Braga Netto. N\u00e3o foi indicado nenhum nome para ocupar o posto.<br><br>Horta foi um dos primeiros nomeados por Regina ap\u00f3s assumir o comando da pasta, em mar\u00e7o deste ano. Na ocasi\u00e3o, ele foi nomeado chefe de gabinete da atriz. No fim de abril, ele assumiu o cargo de secret\u00e1rio especial adjunto.<br><br>A exonera\u00e7\u00e3o do n\u00famero 2 de Regina acontece em meio a cr\u00edticas da classe art\u00edstica \u00e0 sua gest\u00e3o na secretaria. Na semana passada, em entrevista \u00e0 CNN, a secret\u00e1ria minimizou as mortes do per\u00edodo da ditadura militar, cantou um trecho de m\u00fasica s\u00edmbolo do regime e tamb\u00e9m minimizou as mortes pelo coronav\u00edrus. Diversas personalidades da cultura repudiaram as falas da secret\u00e1ria.<br><br>Ap\u00f3s a entrevista, a assessora especial Renata Giraldi, que respondia \u00e0s demandas da imprensa na secretaria, deixou o cargo.<br><br>Regina tamb\u00e9m vem passando por um processo de fritura conduzido por aliados do governo. Nos bastidores, o entendimento \u00e9 que o processo tem como objetivo fazer com que ela pe\u00e7a demiss\u00e3o do cargo.<br><br>No fim de abril, o pr\u00f3prio Bolsonaro fez cr\u00edticas ao distanciamento da secret\u00e1ria (que trabalhava de casa, em S\u00e3o Paulo) e disse que ela tinha dificuldade na condu\u00e7\u00e3o da pasta. O presidente, no entanto, negou que estivesse insatisfeito com o trabalho de Regina.<\/p>\n","protected":false},"excerpt":{"rendered":"<p>O governo Jair Bolsonaro (sem partido) exonerou o secret\u00e1rio especial adjunto Pedro Jos\u00e9 Vilar Godoy Horta da Secretaria Especial de Cultura, comandada por Regina Duarte.&hellip; <\/p>\n","protected":false},"author":2,"featured_media":169989,"comment_status":"closed","ping_status":"closed","sticky":false,"template":"","format":"standard","meta":{"sfsi_plus_gutenberg_text_before_share":"","sfsi_plus_gutenberg_show_text_before_share":"","sfsi_plus_gutenberg_icon_type":"","sfsi_plus_gutenberg_icon_alignemt":"","sfsi_plus_gutenburg_max_per_row":"","footnotes":""},"categories":[11],"tags":[],"class_list":["post-169988","post","type-post","status-publish","format-standard","has-post-thumbnail","hentry","category-politica"],"_links":{"self":[{"href":"https:\/\/www.caririemacao.com\/1\/wp-json\/wp\/v2\/posts\/169988","targetHints":{"allow":["GET"]}}],"collection":[{"href":"https:\/\/www.caririemacao.com\/1\/wp-json\/wp\/v2\/posts"}],"about":[{"href":"https:\/\/www.caririemacao.com\/1\/wp-json\/wp\/v2\/types\/post"}],"author":[{"embeddable":true,"href":"https:\/\/www.caririemacao.com\/1\/wp-json\/wp\/v2\/users\/2"}],"replies":[{"embeddable":true,"href":"https:\/\/www.caririemacao.com\/1\/wp-json\/wp\/v2\/comments?post=169988"}],"version-history":[{"count":1,"href":"https:\/\/www.caririemacao.com\/1\/wp-json\/wp\/v2\/posts\/169988\/revisions"}],"predecessor-version":[{"id":169990,"href":"https:\/\/www.caririemacao.com\/1\/wp-json\/wp\/v2\/posts\/169988\/revisions\/169990"}],"wp:featuredmedia":[{"embeddable":true,"href":"https:\/\/www.caririemacao.com\/1\/wp-json\/wp\/v2\/media\/169989"}],"wp:attachment":[{"href":"https:\/\/www.caririemacao.com\/1\/wp-json\/wp\/v2\/media?parent=169988"}],"wp:term":[{"taxonomy":"category","embeddable":true,"href":"https:\/\/www.caririemacao.com\/1\/wp-json\/wp\/v2\/categories?post=169988"},{"taxonomy":"post_tag","embeddable":true,"href":"https:\/\/www.caririemacao.com\/1\/wp-json\/wp\/v2\/tags?post=169988"}],"curies":[{"name":"wp","href":"https:\/\/api.w.org\/{rel}","templated":true}]}}