{"id":170003,"date":"2020-05-18T06:21:06","date_gmt":"2020-05-18T09:21:06","guid":{"rendered":"https:\/\/www.caririemacao.com\/1\/?p=170003"},"modified":"2020-05-18T06:21:06","modified_gmt":"2020-05-18T09:21:06","slug":"paraiba-284-novos-casos-confirmados-de-covid-19-em-24h","status":"publish","type":"post","link":"https:\/\/www.caririemacao.com\/1\/2020\/05\/18\/paraiba-284-novos-casos-confirmados-de-covid-19-em-24h\/","title":{"rendered":"Para\u00edba: 284 novos casos confirmados de Covid-19 em 24h"},"content":{"rendered":"\n<p>A Secretaria de Estado da Sa\u00fade divulgou novo boletim epidemiol\u00f3gico, neste domingo, 17 de maio. A Para\u00edba registra 284 novos casos de Covid-19 e 11 \u00f3bitos confirmados causados pela doen\u00e7a. Assim, o estado atinge 4.347 casos de Covid -19.<\/p>\n\n\n\n<p>S\u00e3o 194 v\u00edtimas fatais e 1.171 pessoas que j\u00e1 se recuperaram, segundo informa\u00e7\u00f5es das Secretarias Municipais de Sa\u00fade. Dos leitos de UTI para adultos ativados em todo o Estado, 68% est\u00e3o ocupados.<\/p>\n\n\n\n<p>Na Regi\u00e3o Metropolitana de Jo\u00e3o Pessoa, a taxa de ocupa\u00e7\u00e3o de UTI para adultos \u00e9 de 82%. Apenas 45,8% da popula\u00e7\u00e3o seguiram a recomenda\u00e7\u00e3o de Isolamento Social segundo a Inloco, quando o Ideal \u00e9 de 70%.<\/p>\n\n\n\n<p>Os casos confirmados est\u00e3o em 136 munic\u00edpios paraibanos:<\/p>\n\n\n\n<p>Alagoa Grande (21); Alagoa Nova (3); Alagoinha (14); Alhandra (56); Amparo (5); Ara\u00e7agi (13); Arara (1); Areia (13); Areial (1); Aroeiras (5); Baia da Trai\u00e7\u00e3o (18); Bananeiras (8); Barra de Santana (4); Barra de S\u00e3o Miguel (1); Bayeux (94); Bel\u00e9m (7); Boa Vista (1); Bom Jesus (1); Boqueir\u00e3o (2); Borborema (1); Brejo do Cruz (1); Caapor\u00e3 (129); Cabedelo (193); Cacimba de Dentro (2); Cai\u00e7ara (10); Cajazeiras (29); Cajazeirinhas (1) Campina Grande (290); Capim (7); Casserengue (1); Catingueira (1), Catol\u00e9 do Rocha (2); Caturit\u00e9 (1); Concei\u00e7\u00e3o (2); Condado (20); Conde (41); Congo (10); Coremas (11); Coxixola (3); Cruz do Esp\u00edrito Santo (58); Cuit\u00e9 (1); Cuit\u00e9 de Mamanguape (1); Cuiteg\u00ed (5); Curral de Cima (1); Duas Estradas (1); Esperan\u00e7a (11); Gado Bravo (5); Guarabira (166); Gurinh\u00e9m (7); Igaracy (2); Imaculada (4); Ing\u00e1 (2); Itabaiana (22); Itaporanga (4); Itapororoca (18); Itatuba (12); Jacara\u00fa (2); Jo\u00e3o Pessoa (1697); Joca Claudino (1); Juarez T\u00e1vora (4); Juazeirinho (15); Junco do Serid\u00f3 (3); Juripiranga (17); Lagoa de Dentro (3); Lagoa Seca (8); Lastro (1); Logradouro (3); Lucena (29); Malta (4); Mamanguape (16); Mari (45); Mariz\u00f3polis (4); Massaranduba (6); Mataraca (1); Matinhas (1); Matureia (1); Mogeiro (1); Monteiro (11); Mulungu (6); Natuba (1); Nova Floresta (1), Nova Olinda (1); Olho D\u00b4\u00c1gua (1); Passagem (1); Patos (253); Pedras de Fogo (68); Pianc\u00f3 (8); Picu\u00ed (1); Pilar (15); Pil\u00f5es (1); Pil\u00f5ezinhos (9); Pirpirituba (7); Pitimbu (34); Pocinhos (1); Pombal (6); Princesa Isabel (4); Puxinan\u00e3 (1); Queimadas (17); Quixaba (1); Rem\u00edgio (16); Riach\u00e3o do Bacamarte (16); Riach\u00e3o do Po\u00e7o (1); Riacho dos Cavalos (2); Rio Tinto (16); Salgado de S\u00e3o Felix (4); Santa Helena (1); Santa Luzia (5); Santa Rita (306); Santa Terezinha (1); S\u00e3o Bento (14); S\u00e3o Jo\u00e3o do Rio do Peixe (6); S\u00e3o Jos\u00e9 de Caiana (3); S\u00e3o Jos\u00e9 de Espinharas (2); S\u00e3o Jos\u00e9 de Piranhas (4); S\u00e3o Jos\u00e9 do Bonfim (2); S\u00e3o Jos\u00e9 do Sabugi (35); S\u00e3o Jos\u00e9 dos Ramos (4); S\u00e3o Miguel de Taipu (7); S\u00e3o Sebasti\u00e3o de Lagoa de Ro\u00e7a (7); S\u00e3o Vicente do Serid\u00f3 (3); Sap\u00e9 (106); Serra Branca (2); Serra da Ra\u00edz (5); Serra Redonda (2); Serraria (1); Sert\u00e3ozinho (2); Sobrado (4); Sol\u00e2nea (10); Soledade (2); Sousa (67); Tacima (2); Tapero\u00e1 (24); Teixeira (1); Uira\u00fana (2); Umbuzeiro (8); Vista Serrana (1).<\/p>\n\n\n\n<p>Foram registrados 11 \u00f3bitos neste domingo<\/p>\n\n\n\n<p>\u2013 Mulher, idosa, 81 anos, diab\u00e9tica, hipertensa, cardiopata, residente em Guarabira. In\u00edcio dos sintomas 01\/05, interna em hospital p\u00fablico, veio a \u00f3bito no dia 16\/05.<\/p>\n\n\n\n<p>\u2013 Homem, 54 anos, hipertenso, residente em Santa Luzia In\u00edcio dos sintomas 01\/05, interno em hospital p\u00fablico, veio a \u00f3bito no dia 13\/05.<\/p>\n\n\n\n<p>\u2013 Mulher, 28 anos, asm\u00e1tica, residente em Alagoa Nova. In\u00edcio dos sintomas 10\/05, interno em hospital p\u00fablico, veio a \u00f3bito no dia 11\/05.<\/p>\n\n\n\n<p>\u2013 Mulher, idosa,84 anos, sem comorbidade, residente em Santa Rita. In\u00edcio dos sintomas 30\/04, interno em hospital p\u00fablico, veio a \u00f3bito no dia 15\/05.<\/p>\n\n\n\n<p>\u2013 Mulher, 44 anos, hipertensa, residente em Jo\u00e3o Pessoa. In\u00edcio dos sintomas 30\/04, veio a \u00f3bito em Unidade de Pronto Atendimento no dia 16\/05.<\/p>\n\n\n\n<p>\u2013 Homem, idoso, 75 anos, hipertenso, residente em Jo\u00e3o Pessoa. In\u00edcio dos sintomas 01\/05, interno em hospital p\u00fablico, veio a \u00f3bito no dia 16\/05.<\/p>\n\n\n\n<p>\u2013 Homem, idoso,78 anos, hipertenso, diab\u00e9tico, residente em Jo\u00e3o Pessoa. In\u00edcio dos sintomas 02\/04, interno em hospital p\u00fablico, veio a \u00f3bito no dia 16\/05.<\/p>\n\n\n\n<p>\u2013 Homem, idoso, 68 anos, cardiopata, diab\u00e9tico residente em Caapor\u00e3. In\u00edcio dos sintomas 02\/05, interno em hospital p\u00fablico, veio a \u00f3bito no dia 07\/05.<\/p>\n\n\n\n<p>\u2013 Homem, 41 anos, obeso, hipertireoide, residente em Patos. In\u00edcio dos Sintomas 01\/05, interno em hospital p\u00fablico, veio a \u00f3bito no dia 09\/05.<\/p>\n\n\n\n<p>-Homem, idoso, 79 anos, portador de doen\u00e7a renal, residente em Pedras de Fogo. In\u00edcio dos sintomas 30\/04, interno em hospital p\u00fablico, veio a \u00f3bito no dia 16\/05.<\/p>\n\n\n\n<p>\u2013 Homem, idoso, 67 anos, diab\u00e9tico, hipertenso, portador de doen\u00e7a renal aguda, residente em Santa Rita. In\u00edcio dos sintomas 06\/05, interno em hospital p\u00fablico, veio a \u00f3bito no dia 13\/05.<\/p>\n\n\n\n<p>Os dados epidemiol\u00f3gicos e de ocupa\u00e7\u00e3o de leitos podem ser acompanhados em paraiba.pb.gov.br\/coronavirus<\/p>\n","protected":false},"excerpt":{"rendered":"<p>A Secretaria de Estado da Sa\u00fade divulgou novo boletim epidemiol\u00f3gico, neste domingo, 17 de maio. A Para\u00edba registra 284 novos casos de Covid-19 e 11&hellip; <\/p>\n","protected":false},"author":2,"featured_media":163508,"comment_status":"closed","ping_status":"closed","sticky":false,"template":"","format":"standard","meta":{"sfsi_plus_gutenberg_text_before_share":"","sfsi_plus_gutenberg_show_text_before_share":"","sfsi_plus_gutenberg_icon_type":"","sfsi_plus_gutenberg_icon_alignemt":"","sfsi_plus_gutenburg_max_per_row":"","footnotes":""},"categories":[2],"tags":[],"class_list":["post-170003","post","type-post","status-publish","format-standard","has-post-thumbnail","hentry","category-geral"],"_links":{"self":[{"href":"https:\/\/www.caririemacao.com\/1\/wp-json\/wp\/v2\/posts\/170003","targetHints":{"allow":["GET"]}}],"collection":[{"href":"https:\/\/www.caririemacao.com\/1\/wp-json\/wp\/v2\/posts"}],"about":[{"href":"https:\/\/www.caririemacao.com\/1\/wp-json\/wp\/v2\/types\/post"}],"author":[{"embeddable":true,"href":"https:\/\/www.caririemacao.com\/1\/wp-json\/wp\/v2\/users\/2"}],"replies":[{"embeddable":true,"href":"https:\/\/www.caririemacao.com\/1\/wp-json\/wp\/v2\/comments?post=170003"}],"version-history":[{"count":1,"href":"https:\/\/www.caririemacao.com\/1\/wp-json\/wp\/v2\/posts\/170003\/revisions"}],"predecessor-version":[{"id":170004,"href":"https:\/\/www.caririemacao.com\/1\/wp-json\/wp\/v2\/posts\/170003\/revisions\/170004"}],"wp:featuredmedia":[{"embeddable":true,"href":"https:\/\/www.caririemacao.com\/1\/wp-json\/wp\/v2\/media\/163508"}],"wp:attachment":[{"href":"https:\/\/www.caririemacao.com\/1\/wp-json\/wp\/v2\/media?parent=170003"}],"wp:term":[{"taxonomy":"category","embeddable":true,"href":"https:\/\/www.caririemacao.com\/1\/wp-json\/wp\/v2\/categories?post=170003"},{"taxonomy":"post_tag","embeddable":true,"href":"https:\/\/www.caririemacao.com\/1\/wp-json\/wp\/v2\/tags?post=170003"}],"curies":[{"name":"wp","href":"https:\/\/api.w.org\/{rel}","templated":true}]}}