{"id":170006,"date":"2020-05-18T06:24:06","date_gmt":"2020-05-18T09:24:06","guid":{"rendered":"https:\/\/www.caririemacao.com\/1\/?p=170006"},"modified":"2020-05-18T06:24:06","modified_gmt":"2020-05-18T09:24:06","slug":"coronavirus-brasil-supera-240-mil-infectados-e-16-mil-mortes","status":"publish","type":"post","link":"https:\/\/www.caririemacao.com\/1\/2020\/05\/18\/coronavirus-brasil-supera-240-mil-infectados-e-16-mil-mortes\/","title":{"rendered":"Coronav\u00edrus: Brasil supera 240 mil infectados e 16 mil mortes"},"content":{"rendered":"\n<h1 class=\"wp-block-heading\">Coronav\u00edrus: Brasil supera 240 mil infectados e 16 mil mortes<\/h1>\n\n\n\n<p>Ap\u00f3s ultrapassar o n\u00famero total de casos confirmados da Covid-19 de Fran\u00e7a e Espanha, o Brasil, neste domingo (17), registrou 7.938 novos casos da doen\u00e7a, chegando a 241.080 pessoas com diagn\u00f3stico confirmado.<\/p>\n\n\n\n<p>Tamb\u00e9m foram documentadas 485 novas mortes pela Covid-19 no pa\u00eds, acumulando 16.118 vidas perdidas.<\/p>\n\n\n\n<p>No s\u00e1bado, o Brasil havia registrado 14.919 novas confirma\u00e7\u00f5es de infec\u00e7\u00e3o e 816 novas mortes, levando o total oficial a 233.142 casos confirmados e 15.633 mortes desde o in\u00edcio da pandemia no pa\u00eds, em fevereiro.<\/p>\n\n\n\n<p>Domingos e segunda-feiras costumam ser marcados por um menor n\u00famero de casos, pois os registros s\u00e3o mais lentos no final de semana.<\/p>\n\n\n\n<p>O pa\u00eds n\u00e3o tem conseguido manter as taxas de isolamento social que, no come\u00e7o da pandemia, ajudaram a evitar uma explos\u00e3o de casos, segundo especialistas.<\/p>\n\n\n\n<p>Neste domingo, o presidente Jair Bolsonaro (sem partido) voltou a participar de um ato com aglomera\u00e7\u00e3o em Bras\u00edlia. Tem sido constante o apoio de Bolsonaro a tais manifesta\u00e7\u00f5es, ignorando o risco de contamina\u00e7\u00e3o das pessoas ali presentes.<\/p>\n\n\n\n<p>\u201cManifesta\u00e7\u00e3o pura da democracia. Estou muito honrado com isso. O governo federal tem dado todo o apoio para atender as pessoas que contra\u00edram o v\u00edrus e esperamos brevemente ficar livre dessa quest\u00e3o, para o bem de todos n\u00f3s. O Brasil, tenho certeza, certeza, voltar\u00e1 mais forte\u201d, declarou Bolsonaro.<\/p>\n\n\n\n<p>Na mesma semana em que registrou em apenas sete dias um aumento superior a 50% do total de mortes acumuladas, o pa\u00eds tamb\u00e9m perdeu o segundo ministro da Sa\u00fade em um m\u00eas.<\/p>\n\n\n\n<p>Nelson Teich pediu demiss\u00e3o na sexta-feira (15) ap\u00f3s ser pressionado pelo presidente a ampliar o protocolo de uso da cloroquina, medicamento sem efic\u00e1cia comprovada no combate \u00e0 Covid-19 e com riscos associados.<\/p>\n","protected":false},"excerpt":{"rendered":"<p>Coronav\u00edrus: Brasil supera 240 mil infectados e 16 mil mortes Ap\u00f3s ultrapassar o n\u00famero total de casos confirmados da Covid-19 de Fran\u00e7a e Espanha, o&hellip; <\/p>\n","protected":false},"author":2,"featured_media":163615,"comment_status":"closed","ping_status":"closed","sticky":false,"template":"","format":"standard","meta":{"sfsi_plus_gutenberg_text_before_share":"","sfsi_plus_gutenberg_show_text_before_share":"","sfsi_plus_gutenberg_icon_type":"","sfsi_plus_gutenberg_icon_alignemt":"","sfsi_plus_gutenburg_max_per_row":"","footnotes":""},"categories":[2],"tags":[],"class_list":["post-170006","post","type-post","status-publish","format-standard","has-post-thumbnail","hentry","category-geral"],"_links":{"self":[{"href":"https:\/\/www.caririemacao.com\/1\/wp-json\/wp\/v2\/posts\/170006","targetHints":{"allow":["GET"]}}],"collection":[{"href":"https:\/\/www.caririemacao.com\/1\/wp-json\/wp\/v2\/posts"}],"about":[{"href":"https:\/\/www.caririemacao.com\/1\/wp-json\/wp\/v2\/types\/post"}],"author":[{"embeddable":true,"href":"https:\/\/www.caririemacao.com\/1\/wp-json\/wp\/v2\/users\/2"}],"replies":[{"embeddable":true,"href":"https:\/\/www.caririemacao.com\/1\/wp-json\/wp\/v2\/comments?post=170006"}],"version-history":[{"count":1,"href":"https:\/\/www.caririemacao.com\/1\/wp-json\/wp\/v2\/posts\/170006\/revisions"}],"predecessor-version":[{"id":170007,"href":"https:\/\/www.caririemacao.com\/1\/wp-json\/wp\/v2\/posts\/170006\/revisions\/170007"}],"wp:featuredmedia":[{"embeddable":true,"href":"https:\/\/www.caririemacao.com\/1\/wp-json\/wp\/v2\/media\/163615"}],"wp:attachment":[{"href":"https:\/\/www.caririemacao.com\/1\/wp-json\/wp\/v2\/media?parent=170006"}],"wp:term":[{"taxonomy":"category","embeddable":true,"href":"https:\/\/www.caririemacao.com\/1\/wp-json\/wp\/v2\/categories?post=170006"},{"taxonomy":"post_tag","embeddable":true,"href":"https:\/\/www.caririemacao.com\/1\/wp-json\/wp\/v2\/tags?post=170006"}],"curies":[{"name":"wp","href":"https:\/\/api.w.org\/{rel}","templated":true}]}}