{"id":170009,"date":"2020-05-18T06:26:58","date_gmt":"2020-05-18T09:26:58","guid":{"rendered":"https:\/\/www.caririemacao.com\/1\/?p=170009"},"modified":"2020-05-18T06:26:58","modified_gmt":"2020-05-18T09:26:58","slug":"empresario-que-relatou-vazamento-a-filho-de-bolsonaro-vai-depor-a-policia-federal","status":"publish","type":"post","link":"https:\/\/www.caririemacao.com\/1\/2020\/05\/18\/empresario-que-relatou-vazamento-a-filho-de-bolsonaro-vai-depor-a-policia-federal\/","title":{"rendered":"Empres\u00e1rio que relatou vazamento a filho de Bolsonaro vai depor \u00e0 Pol\u00edcia Federal"},"content":{"rendered":"\n<p>A PGR (Procuradoria-Geral da Rep\u00fablica) pediu neste domingo (17) que a Pol\u00edcia Federal ou\u00e7a o depoimento do empres\u00e1rio Paulo Marinho. Em entrevista \u00e0 Folha de S.Paulo, ele relatou suposto vazamento da Opera\u00e7\u00e3o Furna da On\u00e7a ao senador Fl\u00e1vio Bolsonaro (Republicanos-RJ).<\/p>\n\n\n\n<p>O depoimento ser\u00e1 colhido no \u00e2mbito de inqu\u00e9rito aberto a partir de den\u00fancias do ex-ministro Sergio Moro (Justi\u00e7a) para apurar se o presidente Jair Bolsonaro (sem partido) tentou interferir indevidamente na PF. Ainda n\u00e3o h\u00e1 data agendada para a oitiva.<\/p>\n\n\n\n<p>Em entrevista \u00e0 Folha de S.Paulo, Marinho, suplente de Fl\u00e1vio no Senado e pr\u00e9-candidato do PSDB \u00e0 Prefeitura do Rio de Janeiro, disse ter sido procurado pelo congressista na campanha, em 2018, em busca de tra\u00e7ar uma estrat\u00e9gia de defesa contra poss\u00edvel investiga\u00e7\u00e3o sobre seu ex-assessor na Assembleia Legislativa do Rio de Janeiro, Fabr\u00edcio Queiroz, que o envolveria num suposto esquema de \u201crachadinha\u201d.<\/p>\n\n\n\n<p>Ele relatou que um delegado da PF vazou a Fl\u00e1vio e seus auxiliares, uma semana ap\u00f3s o primeiro turno, que seria deflagrada a Furna da On\u00e7a contra deputados estaduais do Rio, a qual atingiria Queiroz.<\/p>\n\n\n\n<p>Em of\u00edcio enviado \u00e0 delegada Christiane Correa Machado, do Servi\u00e7o de Inqu\u00e9ritos Especiais da PF no Supremo Tribunal Federal, o procurador Jo\u00e3o Paulo Lordelo Guimar\u00e3es, da PGR, tamb\u00e9m requer o depoimento de Miguel \u00c2ngelo Braga Grillo, o coronel Braga, chefe de gabinete de Fl\u00e1vio.<\/p>\n\n\n\n<p>Segundo disse Marinho, ele teria recebido um telefonema do delegado e ido at\u00e9 o local em que a informa\u00e7\u00e3o sobre a opera\u00e7\u00e3o foi vazada.<\/p>\n\n\n\n<p>Outro pedido da PGR \u00e9 para a obten\u00e7\u00e3o da c\u00f3pia integral, em meio digital, do inqu\u00e9rito da PF que j\u00e1 apurou, em outra oportunidade, supostos vazamentos relativos \u00e0 Furna da On\u00e7a.<\/p>\n","protected":false},"excerpt":{"rendered":"<p>A PGR (Procuradoria-Geral da Rep\u00fablica) pediu neste domingo (17) que a Pol\u00edcia Federal ou\u00e7a o depoimento do empres\u00e1rio Paulo Marinho. Em entrevista \u00e0 Folha de&hellip; <\/p>\n","protected":false},"author":2,"featured_media":158790,"comment_status":"closed","ping_status":"closed","sticky":false,"template":"","format":"standard","meta":{"sfsi_plus_gutenberg_text_before_share":"","sfsi_plus_gutenberg_show_text_before_share":"","sfsi_plus_gutenberg_icon_type":"","sfsi_plus_gutenberg_icon_alignemt":"","sfsi_plus_gutenburg_max_per_row":"","footnotes":""},"categories":[11],"tags":[],"class_list":["post-170009","post","type-post","status-publish","format-standard","has-post-thumbnail","hentry","category-politica"],"_links":{"self":[{"href":"https:\/\/www.caririemacao.com\/1\/wp-json\/wp\/v2\/posts\/170009","targetHints":{"allow":["GET"]}}],"collection":[{"href":"https:\/\/www.caririemacao.com\/1\/wp-json\/wp\/v2\/posts"}],"about":[{"href":"https:\/\/www.caririemacao.com\/1\/wp-json\/wp\/v2\/types\/post"}],"author":[{"embeddable":true,"href":"https:\/\/www.caririemacao.com\/1\/wp-json\/wp\/v2\/users\/2"}],"replies":[{"embeddable":true,"href":"https:\/\/www.caririemacao.com\/1\/wp-json\/wp\/v2\/comments?post=170009"}],"version-history":[{"count":1,"href":"https:\/\/www.caririemacao.com\/1\/wp-json\/wp\/v2\/posts\/170009\/revisions"}],"predecessor-version":[{"id":170010,"href":"https:\/\/www.caririemacao.com\/1\/wp-json\/wp\/v2\/posts\/170009\/revisions\/170010"}],"wp:featuredmedia":[{"embeddable":true,"href":"https:\/\/www.caririemacao.com\/1\/wp-json\/wp\/v2\/media\/158790"}],"wp:attachment":[{"href":"https:\/\/www.caririemacao.com\/1\/wp-json\/wp\/v2\/media?parent=170009"}],"wp:term":[{"taxonomy":"category","embeddable":true,"href":"https:\/\/www.caririemacao.com\/1\/wp-json\/wp\/v2\/categories?post=170009"},{"taxonomy":"post_tag","embeddable":true,"href":"https:\/\/www.caririemacao.com\/1\/wp-json\/wp\/v2\/tags?post=170009"}],"curies":[{"name":"wp","href":"https:\/\/api.w.org\/{rel}","templated":true}]}}