{"id":170012,"date":"2020-05-18T06:29:01","date_gmt":"2020-05-18T09:29:01","guid":{"rendered":"https:\/\/www.caririemacao.com\/1\/?p=170012"},"modified":"2020-05-18T06:29:01","modified_gmt":"2020-05-18T09:29:01","slug":"congresso-aprecia-projeto-idealizado-pela-alpb-que-prorroga-auxilio-emergencial","status":"publish","type":"post","link":"https:\/\/www.caririemacao.com\/1\/2020\/05\/18\/congresso-aprecia-projeto-idealizado-pela-alpb-que-prorroga-auxilio-emergencial\/","title":{"rendered":"Congresso aprecia projeto idealizado pela ALPB que prorroga aux\u00edlio emergencial"},"content":{"rendered":"\n<p>J\u00e1 est\u00e1 em tramita\u00e7\u00e3o no Congresso Nacional a proposta, idealizada pela Assembleia Legislativa da Para\u00edba (ALPB), de prorrogar do pagamento do aux\u00edlio emergencial \u00e0s pessoas desempregadas, sem renda e aut\u00f4nomos, at\u00e9 31 de dezembro deste ano.<\/p>\n\n\n\n<p>Ap\u00f3s o movimento da ALPB, o deputado federal Wilson Santiago acatou ideia da Casa Epit\u00e1cio Pessoa e apresentou, na C\u00e2mara dos Deputados, o projeto de Lei 2671\/2020, que visa dar maior assist\u00eancia \u00e0s fam\u00edlias de profissionais que ficaram impedidos de trabalhar por causa da pandemia provocada pelo novo coronav\u00edrus.<\/p>\n\n\n\n<p>O aux\u00edlio \u00e9 custeado pelo Governo Federal, com recursos do Tesouro Federal. No \u00faltimo dia 06, a ALPB aprovou requerimento, sugerido pelo deputado Jeov\u00e1 Campos e assumido pela Mesa Diretora da Casa, defendendo um movimento nacional pelo pagamento do aux\u00edlio emergencial at\u00e9 31 de dezembro. Na oportunidade, o presidente da ALPB, Adriano Galdino, revelou que iria solicitar que o Congresso Nacional aprovasse a medida.<\/p>\n\n\n\n<p>\u201cTamb\u00e9m estamos fazendo gest\u00f5es junto aos governos estaduais e assembleias legislativas, para que em cada estado, em cada Assembleia aconte\u00e7a um movimento neste sentido\u201d, declarou Adriano Galdino, revelando que j\u00e1 solicitou apoio da Unale (Uni\u00e3o Nacional dos Legisladores e Legislativos Estaduais) \u00e0 proposta.<\/p>\n\n\n\n<p>O deputado Jeov\u00e1 Campos, que idealizou a proposta assumida pela Mesa Diretora da ALPB, lembrou que os tr\u00eas meses de pagamento do aux\u00edlio emergencial, n\u00e3o ser\u00e3o suficientes para minimizar os preju\u00edzos causados pela pandemia.<\/p>\n\n\n\n<p>\u201cOs efeitos devastadores do Covid-19 no Brasil, n\u00e3o apenas na economia e sa\u00fade da popula\u00e7\u00e3o, mas, na vida das pessoas, est\u00e3o sendo muito maiores e mais graves do que se previa anteriormente, principalmente, dos mais vulner\u00e1veis. Em fun\u00e7\u00e3o disso, sugerimos essa prorroga\u00e7\u00e3o do pagamento do aux\u00edlio de R$ 600, inicialmente, previsto para ser pago durante tr\u00eas meses\u201d, acrescentou.<\/p>\n\n\n\n<p>Adriano Galdino e Jeov\u00e1 Campos esperam que o Congresso Nacional se seja sens\u00edvel a proposta da ALPB e aprove o projeto de Lei apresentado pelo deputado Wilson Santiago na C\u00e2mara dos Deputados.<\/p>\n\n\n\n<p>\u201cA manuten\u00e7\u00e3o do aux\u00edlio at\u00e9 dezembro, n\u00e3o tem apenas o objetivo de minimizar os efeitos da pandemia para a popula\u00e7\u00e3o mais vulner\u00e1vel, dando-lhe oportunidade de ter o m\u00ednimo necess\u00e1rio para o sustento e sobreviv\u00eancia, mas, tamb\u00e9m fazer girar a economia das cidades. O deputado Wilson Santiago est\u00e1 de parab\u00e9ns por encampar nossa proposta. Espero que os demais deputados sejam sens\u00edveis a nossa ideia e aprovem a mat\u00e9ria na C\u00e2mara Federal\u201d, disse Adriano Galdino.<\/p>\n","protected":false},"excerpt":{"rendered":"<p>J\u00e1 est\u00e1 em tramita\u00e7\u00e3o no Congresso Nacional a proposta, idealizada pela Assembleia Legislativa da Para\u00edba (ALPB), de prorrogar do pagamento do aux\u00edlio emergencial \u00e0s pessoas&hellip; <\/p>\n","protected":false},"author":2,"featured_media":167906,"comment_status":"closed","ping_status":"closed","sticky":false,"template":"","format":"standard","meta":{"sfsi_plus_gutenberg_text_before_share":"","sfsi_plus_gutenberg_show_text_before_share":"","sfsi_plus_gutenberg_icon_type":"","sfsi_plus_gutenberg_icon_alignemt":"","sfsi_plus_gutenburg_max_per_row":"","footnotes":""},"categories":[2],"tags":[],"class_list":["post-170012","post","type-post","status-publish","format-standard","has-post-thumbnail","hentry","category-geral"],"_links":{"self":[{"href":"https:\/\/www.caririemacao.com\/1\/wp-json\/wp\/v2\/posts\/170012","targetHints":{"allow":["GET"]}}],"collection":[{"href":"https:\/\/www.caririemacao.com\/1\/wp-json\/wp\/v2\/posts"}],"about":[{"href":"https:\/\/www.caririemacao.com\/1\/wp-json\/wp\/v2\/types\/post"}],"author":[{"embeddable":true,"href":"https:\/\/www.caririemacao.com\/1\/wp-json\/wp\/v2\/users\/2"}],"replies":[{"embeddable":true,"href":"https:\/\/www.caririemacao.com\/1\/wp-json\/wp\/v2\/comments?post=170012"}],"version-history":[{"count":1,"href":"https:\/\/www.caririemacao.com\/1\/wp-json\/wp\/v2\/posts\/170012\/revisions"}],"predecessor-version":[{"id":170013,"href":"https:\/\/www.caririemacao.com\/1\/wp-json\/wp\/v2\/posts\/170012\/revisions\/170013"}],"wp:featuredmedia":[{"embeddable":true,"href":"https:\/\/www.caririemacao.com\/1\/wp-json\/wp\/v2\/media\/167906"}],"wp:attachment":[{"href":"https:\/\/www.caririemacao.com\/1\/wp-json\/wp\/v2\/media?parent=170012"}],"wp:term":[{"taxonomy":"category","embeddable":true,"href":"https:\/\/www.caririemacao.com\/1\/wp-json\/wp\/v2\/categories?post=170012"},{"taxonomy":"post_tag","embeddable":true,"href":"https:\/\/www.caririemacao.com\/1\/wp-json\/wp\/v2\/tags?post=170012"}],"curies":[{"name":"wp","href":"https:\/\/api.w.org\/{rel}","templated":true}]}}