{"id":170015,"date":"2020-05-18T06:42:11","date_gmt":"2020-05-18T09:42:11","guid":{"rendered":"https:\/\/www.caririemacao.com\/1\/?p=170015"},"modified":"2020-05-18T06:42:11","modified_gmt":"2020-05-18T09:42:11","slug":"vigilancia-sanitaria-de-sume-e-policia-militar-intensificam-acoes-integradas-de-combate-ao-covid-19","status":"publish","type":"post","link":"https:\/\/www.caririemacao.com\/1\/2020\/05\/18\/vigilancia-sanitaria-de-sume-e-policia-militar-intensificam-acoes-integradas-de-combate-ao-covid-19\/","title":{"rendered":"Vigil\u00e2ncia Sanit\u00e1ria de Sum\u00e9 e Pol\u00edcia Militar intensificam a\u00e7\u00f5es integradas de combate ao Covid 19"},"content":{"rendered":"\n<p>A Vigil\u00e2ncia Sanit\u00e1ria de Sum\u00e9 em conjunto com a Pol\u00edcia Militar da Para\u00edba realizaram neste domingo (17), inspe\u00e7\u00f5es em v\u00e1rios pontos da cidade e na zona rural, com o objetivo de evitar a chegada do coronav\u00edrus no munic\u00edpio.<\/p>\n\n\n\n<p>Um trabalho de abordagem, busca e investiga\u00e7\u00e3o est\u00e1 sendo desempenhado por uma equipe da Vigil\u00e2ncia, composta atualmente por cinco fiscais. Esse n\u00famero, segundo Ricardo Morato, coordenador do \u00f3rg\u00e3o, come\u00e7ou com dois profissionais e a tend\u00eancia \u00e9 que chegue a 12 pessoas para dar vaz\u00e3o \u00e0s demandas.<\/p>\n\n\n\n<p>Na a\u00e7\u00e3o desse domingo (17), foram realizados procedimentos de prote\u00e7\u00e3o, educa\u00e7\u00e3o sanit\u00e1ria e busca em alguns bares da cidade e na zona rural, que segundo den\u00fancias da imprensa local, esses estabelecimentos comerciais estariam funcionando sem a devida permiss\u00e3o.<\/p>\n\n\n\n<p>Ricardo ainda informou que na a\u00e7\u00e3o desse domingo foi detectado uma feira de verduras n\u00e3o autorizada, nas proximidades da Pra\u00e7a Adolfo Mayer. Os seus propriet\u00e1rios, oriundos de Alagoa Nova, foram orientados a deixar o local imediatamente.<\/p>\n\n\n\n<p>A Vigil\u00e2ncia Sanit\u00e1ria tem intensificado tamb\u00e9m a identifica\u00e7\u00e3o de pessoas que chegam \u00e0 cidade de Sum\u00e9 vindas de outras regi\u00f5es do pa\u00eds. De acordo com o decreto municipal, essas pessoas s\u00e3o obrigadas a ficarem de quarentena em casa no per\u00edodo de 14 dias, sob o acompanhamento da Vigil\u00e2ncia Epidemiol\u00f3gica do Munic\u00edpio.<\/p>\n\n\n\n<p>Ricardo acrescentou que esse trabalho de preven\u00e7\u00e3o tem sido muito importante para evitar o cont\u00e1gio da doen\u00e7a. Ele falou tamb\u00e9m sobre a distribui\u00e7\u00e3o de m\u00e1scaras para a popula\u00e7\u00e3o que eles realizam durante essas abordagens.<\/p>\n\n\n\n<p>Dando continuidade \u00e0s a\u00e7\u00f5es, nessa segunda-feira (18), alguns pontos de educa\u00e7\u00e3o sanit\u00e1ria ser\u00e3o instalados na cidade para orientar a popula\u00e7\u00e3o sobre os cuidados relacionados ao coronav\u00edrus, a exemplo da demarca\u00e7\u00e3o de piso para sinalizar o distanciamento nos locais de grande circula\u00e7\u00e3o de pessoas, a exemplo de ag\u00eancias banc\u00e1rias e correspondentes banc\u00e1rios.<\/p>\n\n\n\n<p>No que concerne \u00e0 Pol\u00edcia Militar, al\u00e9m de cumprir o decreto estadual, nesses locais, a PM acaba fazendo outras dilig\u00eancias que n\u00e3o est\u00e3o relacionadas diretamente com a prote\u00e7\u00e3o ao Covid-19, \u00e0 medida que, conforme suas prerrogativas, encontre irregularidades isoladas comuns a algum tipo de crime.<\/p>\n\n\n\n<p>Ricardo destacou ainda que o apoio da popula\u00e7\u00e3o e a parceria da imprensa tem ajudado muito para consolida\u00e7\u00e3o desse trabalho de enfrentamento a Covid-19, com den\u00fancias, informa\u00e7\u00f5es de pessoas que chegam de outras cidades entre outras causas.<\/p>\n\n\n\n<p>Ascom PMS<\/p>\n","protected":false},"excerpt":{"rendered":"<p>A Vigil\u00e2ncia Sanit\u00e1ria de Sum\u00e9 em conjunto com a Pol\u00edcia Militar da Para\u00edba realizaram neste domingo (17), inspe\u00e7\u00f5es em v\u00e1rios pontos da cidade e na&hellip; <\/p>\n","protected":false},"author":2,"featured_media":170016,"comment_status":"closed","ping_status":"closed","sticky":false,"template":"","format":"standard","meta":{"sfsi_plus_gutenberg_text_before_share":"","sfsi_plus_gutenberg_show_text_before_share":"","sfsi_plus_gutenberg_icon_type":"","sfsi_plus_gutenberg_icon_alignemt":"","sfsi_plus_gutenburg_max_per_row":"","footnotes":""},"categories":[6],"tags":[],"class_list":["post-170015","post","type-post","status-publish","format-standard","has-post-thumbnail","hentry","category-cidades"],"_links":{"self":[{"href":"https:\/\/www.caririemacao.com\/1\/wp-json\/wp\/v2\/posts\/170015","targetHints":{"allow":["GET"]}}],"collection":[{"href":"https:\/\/www.caririemacao.com\/1\/wp-json\/wp\/v2\/posts"}],"about":[{"href":"https:\/\/www.caririemacao.com\/1\/wp-json\/wp\/v2\/types\/post"}],"author":[{"embeddable":true,"href":"https:\/\/www.caririemacao.com\/1\/wp-json\/wp\/v2\/users\/2"}],"replies":[{"embeddable":true,"href":"https:\/\/www.caririemacao.com\/1\/wp-json\/wp\/v2\/comments?post=170015"}],"version-history":[{"count":1,"href":"https:\/\/www.caririemacao.com\/1\/wp-json\/wp\/v2\/posts\/170015\/revisions"}],"predecessor-version":[{"id":170017,"href":"https:\/\/www.caririemacao.com\/1\/wp-json\/wp\/v2\/posts\/170015\/revisions\/170017"}],"wp:featuredmedia":[{"embeddable":true,"href":"https:\/\/www.caririemacao.com\/1\/wp-json\/wp\/v2\/media\/170016"}],"wp:attachment":[{"href":"https:\/\/www.caririemacao.com\/1\/wp-json\/wp\/v2\/media?parent=170015"}],"wp:term":[{"taxonomy":"category","embeddable":true,"href":"https:\/\/www.caririemacao.com\/1\/wp-json\/wp\/v2\/categories?post=170015"},{"taxonomy":"post_tag","embeddable":true,"href":"https:\/\/www.caririemacao.com\/1\/wp-json\/wp\/v2\/tags?post=170015"}],"curies":[{"name":"wp","href":"https:\/\/api.w.org\/{rel}","templated":true}]}}