{"id":170031,"date":"2020-05-18T06:58:53","date_gmt":"2020-05-18T09:58:53","guid":{"rendered":"https:\/\/www.caririemacao.com\/1\/?p=170031"},"modified":"2020-05-18T07:00:47","modified_gmt":"2020-05-18T10:00:47","slug":"caixas-sao-fechadas-na-paraiba-apos-funcionarios-apresentarem-suspeita-da-covid-19","status":"publish","type":"post","link":"https:\/\/www.caririemacao.com\/1\/2020\/05\/18\/caixas-sao-fechadas-na-paraiba-apos-funcionarios-apresentarem-suspeita-da-covid-19\/","title":{"rendered":"Caixas s\u00e3o fechadas na Para\u00edba ap\u00f3s funcion\u00e1rios apresentarem suspeita da Covid-19"},"content":{"rendered":"\n<p>Oito ag\u00eancias da Caixa Econ\u00f4mica Federal&nbsp;foram fechadas depois que v\u00e1rios empregados apresentaram sintomas da covid-19.&nbsp;Ao menos dez pessoas, entre funcion\u00e1rios e terceirizados, j\u00e1 testaram positivo para a doen\u00e7a, um deles j\u00e1 internado.&nbsp;Entre as ag\u00eancias que foram fechadas na \u00faltima sexta-feira (15)&nbsp;est\u00e3o as que ficam localizadas nos&nbsp;bairros: Ernesto Geisel, Trincheiras,&nbsp;Varadouro, Cruz das Armas, Mana\u00edra e Torre, al\u00e9m das cidades&nbsp;Santa Rita&nbsp;e&nbsp;Sap\u00e9.<\/p>\n\n\n\n<p>De acordo com o Sindicato dos Banc\u00e1rios da Para\u00edba, os funcion\u00e1rios foram&nbsp;afastados do trabalho e as ag\u00eancias passar\u00e3o por um processo de sanitiza\u00e7\u00e3o.&nbsp;Ainda n\u00e3o se sabe quando esses estabelecimentos voltam a funcionar.<\/p>\n\n\n\n<p>Um dos protocolos da Caixa diz que nos casos suspeitos (com apresenta\u00e7\u00e3o de atestado m\u00e9dico) ou confirmados por exame, o procedimento \u00e9 afastar imediatamente o empregado e os colegas que tiveram contato com ele, providenciar a sanitiza\u00e7\u00e3o da ag\u00eancia e designar outra equipe para realizar o atendimento.<\/p>\n\n\n\n<p>A entidade j\u00e1 cobrou medidas efetivas para garantir a sa\u00fade dos funcion\u00e1rios, juntamente com o Comando Nacional e a Confedera\u00e7\u00e3o Nacional dos Trabalhadores no Ramo Financeiro (Contraf) como as medidas de trabalho homeoffice, rod\u00edzio nos atendimentos e descentraliza\u00e7\u00e3o do pagamento do aux\u00edlio emergencial, este \u00faltimo que vem gerado uma s\u00e9rie de problemas, j\u00e1 que com a pandemia da Covid-19 e a sobrecarga no atendimento, a popula\u00e7\u00e3o passou a enfrentar longas filas ao redor de ag\u00eancias e casas lot\u00e9ricas.<\/p>\n\n\n\n<p><em>Click PB<\/em><\/p>\n","protected":false},"excerpt":{"rendered":"<p>Oito ag\u00eancias da Caixa Econ\u00f4mica Federal&nbsp;foram fechadas depois que v\u00e1rios empregados apresentaram sintomas da covid-19.&nbsp;Ao menos dez pessoas, entre funcion\u00e1rios e terceirizados, j\u00e1 testaram positivo&hellip; <\/p>\n","protected":false},"author":2,"featured_media":168479,"comment_status":"closed","ping_status":"closed","sticky":false,"template":"","format":"standard","meta":{"sfsi_plus_gutenberg_text_before_share":"","sfsi_plus_gutenberg_show_text_before_share":"","sfsi_plus_gutenberg_icon_type":"","sfsi_plus_gutenberg_icon_alignemt":"","sfsi_plus_gutenburg_max_per_row":"","footnotes":""},"categories":[2],"tags":[],"class_list":["post-170031","post","type-post","status-publish","format-standard","has-post-thumbnail","hentry","category-geral"],"_links":{"self":[{"href":"https:\/\/www.caririemacao.com\/1\/wp-json\/wp\/v2\/posts\/170031","targetHints":{"allow":["GET"]}}],"collection":[{"href":"https:\/\/www.caririemacao.com\/1\/wp-json\/wp\/v2\/posts"}],"about":[{"href":"https:\/\/www.caririemacao.com\/1\/wp-json\/wp\/v2\/types\/post"}],"author":[{"embeddable":true,"href":"https:\/\/www.caririemacao.com\/1\/wp-json\/wp\/v2\/users\/2"}],"replies":[{"embeddable":true,"href":"https:\/\/www.caririemacao.com\/1\/wp-json\/wp\/v2\/comments?post=170031"}],"version-history":[{"count":2,"href":"https:\/\/www.caririemacao.com\/1\/wp-json\/wp\/v2\/posts\/170031\/revisions"}],"predecessor-version":[{"id":170035,"href":"https:\/\/www.caririemacao.com\/1\/wp-json\/wp\/v2\/posts\/170031\/revisions\/170035"}],"wp:featuredmedia":[{"embeddable":true,"href":"https:\/\/www.caririemacao.com\/1\/wp-json\/wp\/v2\/media\/168479"}],"wp:attachment":[{"href":"https:\/\/www.caririemacao.com\/1\/wp-json\/wp\/v2\/media?parent=170031"}],"wp:term":[{"taxonomy":"category","embeddable":true,"href":"https:\/\/www.caririemacao.com\/1\/wp-json\/wp\/v2\/categories?post=170031"},{"taxonomy":"post_tag","embeddable":true,"href":"https:\/\/www.caririemacao.com\/1\/wp-json\/wp\/v2\/tags?post=170031"}],"curies":[{"name":"wp","href":"https:\/\/api.w.org\/{rel}","templated":true}]}}