{"id":170037,"date":"2020-05-18T07:05:35","date_gmt":"2020-05-18T10:05:35","guid":{"rendered":"https:\/\/www.caririemacao.com\/1\/?p=170037"},"modified":"2020-05-18T07:05:35","modified_gmt":"2020-05-18T10:05:35","slug":"adolescente-envenena-mae-e-irmaos-por-causa-de-proibicao-de-namoro","status":"publish","type":"post","link":"https:\/\/www.caririemacao.com\/1\/2020\/05\/18\/adolescente-envenena-mae-e-irmaos-por-causa-de-proibicao-de-namoro\/","title":{"rendered":"Adolescente envenena m\u00e3e e irm\u00e3os por causa de proibi\u00e7\u00e3o de namoro"},"content":{"rendered":"\n<p>&nbsp;No \u00faltimo s\u00e1bado (9) uma &nbsp;adolescente de 16 anos envenenou a pr\u00f3pria fam\u00edlia, em Santar\u00e9m, no Par\u00e1. De acordo com Simone Leal Gal\u00facio,de 43 anos, m\u00e3e da jovem, ela, os outros tr\u00eas filhos de 7, 10 e 12 anos e um primo de 2 anos da garota tomaram um suco envenenado. A m\u00e3e conta que a filha insistiu para que ela tomasse a bebida. Em seguida, ela serviu o suco para os filhos e o sobrinho. Depois de um tempo, o marido de Simone foi para casa e percebeu que uma das filhas estava desmaiada.<\/p>\n\n\n\n<p>Ele chamou a esposa, que ainda estava acordada, e pediu para que ela pegasse uma bermuda para ele trocar de roupa e levar a crian\u00e7a para o posto m\u00e9dico. No entanto, Simone desmaiou antes de entregar a roupa. O esposo dela a levou junto \u00e0s crian\u00e7as para o pronto socorro. De acordo com o G1, eles apresentaram v\u00f4mito e n\u00e1useas, e chegaram a ser hidratados com soro antes da transfer\u00eancia para o Hospital Municipal Alberto Tolentino Sotelo, no domingo.<\/p>\n\n\n\n<p>A jovem fugiu de casa, mas horas depois resolveu se entregar no posto policial. Por ser menor de idade, uma tia ficou respons\u00e1vel em lev\u00e1-la para a 16\u00aa Seccional de Pol\u00edcia Civil.<br>No domingo de manh\u00e3, a menor foi conduzida para escuta especializada na Delegacia Especializada da Crian\u00e7a e Adolescente (Deaca). De acordo com os pais, a motiva\u00e7\u00e3o para que a adolescente colocasse veneno na bebida foi a n\u00e3o permiss\u00e3o para que ela namorasse outro adolescente de 17 anos.<\/p>\n","protected":false},"excerpt":{"rendered":"<p>&nbsp;No \u00faltimo s\u00e1bado (9) uma &nbsp;adolescente de 16 anos envenenou a pr\u00f3pria fam\u00edlia, em Santar\u00e9m, no Par\u00e1. De acordo com Simone Leal Gal\u00facio,de 43 anos,&hellip; <\/p>\n","protected":false},"author":2,"featured_media":170038,"comment_status":"closed","ping_status":"closed","sticky":false,"template":"","format":"standard","meta":{"sfsi_plus_gutenberg_text_before_share":"","sfsi_plus_gutenberg_show_text_before_share":"","sfsi_plus_gutenberg_icon_type":"","sfsi_plus_gutenberg_icon_alignemt":"","sfsi_plus_gutenburg_max_per_row":"","footnotes":""},"categories":[12],"tags":[],"class_list":["post-170037","post","type-post","status-publish","format-standard","has-post-thumbnail","hentry","category-policia"],"_links":{"self":[{"href":"https:\/\/www.caririemacao.com\/1\/wp-json\/wp\/v2\/posts\/170037","targetHints":{"allow":["GET"]}}],"collection":[{"href":"https:\/\/www.caririemacao.com\/1\/wp-json\/wp\/v2\/posts"}],"about":[{"href":"https:\/\/www.caririemacao.com\/1\/wp-json\/wp\/v2\/types\/post"}],"author":[{"embeddable":true,"href":"https:\/\/www.caririemacao.com\/1\/wp-json\/wp\/v2\/users\/2"}],"replies":[{"embeddable":true,"href":"https:\/\/www.caririemacao.com\/1\/wp-json\/wp\/v2\/comments?post=170037"}],"version-history":[{"count":1,"href":"https:\/\/www.caririemacao.com\/1\/wp-json\/wp\/v2\/posts\/170037\/revisions"}],"predecessor-version":[{"id":170039,"href":"https:\/\/www.caririemacao.com\/1\/wp-json\/wp\/v2\/posts\/170037\/revisions\/170039"}],"wp:featuredmedia":[{"embeddable":true,"href":"https:\/\/www.caririemacao.com\/1\/wp-json\/wp\/v2\/media\/170038"}],"wp:attachment":[{"href":"https:\/\/www.caririemacao.com\/1\/wp-json\/wp\/v2\/media?parent=170037"}],"wp:term":[{"taxonomy":"category","embeddable":true,"href":"https:\/\/www.caririemacao.com\/1\/wp-json\/wp\/v2\/categories?post=170037"},{"taxonomy":"post_tag","embeddable":true,"href":"https:\/\/www.caririemacao.com\/1\/wp-json\/wp\/v2\/tags?post=170037"}],"curies":[{"name":"wp","href":"https:\/\/api.w.org\/{rel}","templated":true}]}}